{"id":7112,"date":"2023-07-20T08:28:00","date_gmt":"2023-07-20T08:28:00","guid":{"rendered":"http:\/\/carnea.cz\/?p=7112"},"modified":"2023-07-20T08:28:16","modified_gmt":"2023-07-20T08:28:16","slug":"vrh-h","status":"publish","type":"post","link":"https:\/\/carnea.cz\/?p=7112","title":{"rendered":"Vrh H"},"content":{"rendered":"\n<p>Tak a te\u010f vrh H. Narodil se 10.6. 2023 a nazvala bych ho vrh hahaha, ono jim to snad na to H vy\u0161lo schv\u00e1ln\u011b. A pro\u010d to cel\u00e9 p\u00ed\u0161u? Mrkn\u011bte schv\u00e1ln\u011b na fotky.<\/p>\n\n\n\n<ul class=\"wp-block-gallery columns-2 is-cropped wp-block-gallery-1 is-layout-flex wp-block-gallery-is-layout-flex\"><li class=\"blocks-gallery-item\"><figure><img loading=\"lazy\" decoding=\"async\" width=\"1024\" height=\"576\" src=\"https:\/\/carnea.cz\/wp-content\/uploads\/2023\/07\/H-rodi\u010de-10_6-1024x576.jpg\" alt=\"\" data-id=\"7113\" data-link=\"https:\/\/carnea.cz\/?attachment_id=7113\" class=\"wp-image-7113\" srcset=\"https:\/\/carnea.cz\/wp-content\/uploads\/2023\/07\/H-rodi\u010de-10_6-1024x576.jpg 1024w, https:\/\/carnea.cz\/wp-content\/uploads\/2023\/07\/H-rodi\u010de-10_6-300x169.jpg 300w, https:\/\/carnea.cz\/wp-content\/uploads\/2023\/07\/H-rodi\u010de-10_6-768x432.jpg 768w\" sizes=\"auto, (max-width: 1024px) 100vw, 1024px\" \/><figcaption>Rodi\u010de<\/figcaption><\/figure><\/li><li class=\"blocks-gallery-item\"><figure><img loading=\"lazy\" decoding=\"async\" width=\"1024\" height=\"576\" src=\"https:\/\/carnea.cz\/wp-content\/uploads\/2023\/07\/H-s-m\u00e1mou-1-1024x576.jpg\" alt=\"\" data-id=\"7114\" data-link=\"https:\/\/carnea.cz\/?attachment_id=7114\" class=\"wp-image-7114\" srcset=\"https:\/\/carnea.cz\/wp-content\/uploads\/2023\/07\/H-s-m\u00e1mou-1-1024x576.jpg 1024w, https:\/\/carnea.cz\/wp-content\/uploads\/2023\/07\/H-s-m\u00e1mou-1-300x169.jpg 300w, https:\/\/carnea.cz\/wp-content\/uploads\/2023\/07\/H-s-m\u00e1mou-1-768x432.jpg 768w\" sizes=\"auto, (max-width: 1024px) 100vw, 1024px\" \/><figcaption>M\u00e1ma s mim\u010di<\/figcaption><\/figure><\/li><\/ul>\n\n\n\n<p>To takhle vezmete aguti kr\u00e9mov\u00e9ho tat\u00ednka a aguti zlatou \u0161imlovanou mamku a \u0159\u00edk\u00e1te si: bude tam zlat\u00fd \u0161iml\u00edk? nebo oran\u017eov\u00fd \u0161iml\u00edk? Nebo z\u016fstanou ne\u0161imlovan\u00ed? A buch, ven z b\u0159\u00ed\u0161ka vysko\u010d\u00ed sice \u0161iml\u00edk, ale aguti st\u0159\u00edbrn\u00fd a s n\u00edm lila argen\u0165\u00e1\u010dek. No vlohy jsou vlohy, st\u00e1t se to mohlo, ale p\u0159izn\u00e1v\u00e1m, \u017ee m\u011b to p\u0159ekvapilo :-).<\/p>\n\n\n\n<ul class=\"wp-block-gallery columns-2 is-cropped wp-block-gallery-2 is-layout-flex wp-block-gallery-is-layout-flex\"><li class=\"blocks-gallery-item\"><figure><img loading=\"lazy\" decoding=\"async\" width=\"1024\" height=\"576\" src=\"http:\/\/carnea.cz\/wp-content\/uploads\/2023\/07\/H2-1024x576.jpg\" alt=\"\" data-id=\"7116\" data-link=\"http:\/\/carnea.cz\/?attachment_id=7116\" class=\"wp-image-7116\" srcset=\"https:\/\/carnea.cz\/wp-content\/uploads\/2023\/07\/H2-1024x576.jpg 1024w, https:\/\/carnea.cz\/wp-content\/uploads\/2023\/07\/H2-300x169.jpg 300w, https:\/\/carnea.cz\/wp-content\/uploads\/2023\/07\/H2-768x432.jpg 768w\" sizes=\"auto, (max-width: 1024px) 100vw, 1024px\" \/><\/figure><\/li><li class=\"blocks-gallery-item\"><figure><img loading=\"lazy\" decoding=\"async\" width=\"1024\" height=\"576\" src=\"http:\/\/carnea.cz\/wp-content\/uploads\/2023\/07\/H1-1024x576.jpg\" alt=\"\" data-id=\"7115\" data-link=\"http:\/\/carnea.cz\/?attachment_id=7115\" class=\"wp-image-7115\" srcset=\"https:\/\/carnea.cz\/wp-content\/uploads\/2023\/07\/H1-1024x576.jpg 1024w, https:\/\/carnea.cz\/wp-content\/uploads\/2023\/07\/H1-300x169.jpg 300w, https:\/\/carnea.cz\/wp-content\/uploads\/2023\/07\/H1-768x432.jpg 768w\" sizes=\"auto, (max-width: 1024px) 100vw, 1024px\" \/><\/figure><\/li><\/ul>\n\n\n\n<p>A tady u\u017e jsou kluci spolu. Argen\u0165\u00e1\u010dek dostal jm\u00e9no Hagrid, proto\u017ee je to velk\u00e9 statn\u00e9 mim\u010do, st\u0159\u00edbrn\u00fd agu\u0165\u00e1\u010dek je Harry, je to prcek, ale sna\u017eiv\u00fd a p\u0159ir\u016fst\u00e1 t\u00e9\u017e p\u011bkn\u011b, by\u0165 se narodil men\u0161\u00ed.<\/p>\n\n\n\n<p>Oba kluci budou na prodej, up\u0159ednostn\u00edm z\u00e1jemce, kte\u0159\u00ed si je vezmou jako dvoji\u010dku, bude jim spolu fajn. <\/p>\n","protected":false},"excerpt":{"rendered":"<p>Tak a te\u010f vrh H. Narodil se 10.6. 2023 a nazvala bych ho vrh hahaha, ono jim to snad na to H vy\u0161lo schv\u00e1ln\u011b. A&#8230;<\/p>\n","protected":false},"author":1,"featured_media":0,"comment_status":"closed","ping_status":"closed","sticky":false,"template":"","format":"standard","meta":{"footnotes":""},"categories":[23],"tags":[],"class_list":["post-7112","post","type-post","status-publish","format-standard","hentry","category-narozene-vrhy"],"_links":{"self":[{"href":"https:\/\/carnea.cz\/index.php?rest_route=\/wp\/v2\/posts\/7112","targetHints":{"allow":["GET"]}}],"collection":[{"href":"https:\/\/carnea.cz\/index.php?rest_route=\/wp\/v2\/posts"}],"about":[{"href":"https:\/\/carnea.cz\/index.php?rest_route=\/wp\/v2\/types\/post"}],"author":[{"embeddable":true,"href":"https:\/\/carnea.cz\/index.php?rest_route=\/wp\/v2\/users\/1"}],"replies":[{"embeddable":true,"href":"https:\/\/carnea.cz\/index.php?rest_route=%2Fwp%2Fv2%2Fcomments&post=7112"}],"version-history":[{"count":1,"href":"https:\/\/carnea.cz\/index.php?rest_route=\/wp\/v2\/posts\/7112\/revisions"}],"predecessor-version":[{"id":7117,"href":"https:\/\/carnea.cz\/index.php?rest_route=\/wp\/v2\/posts\/7112\/revisions\/7117"}],"wp:attachment":[{"href":"https:\/\/carnea.cz\/index.php?rest_route=%2Fwp%2Fv2%2Fmedia&parent=7112"}],"wp:term":[{"taxonomy":"category","embeddable":true,"href":"https:\/\/carnea.cz\/index.php?rest_route=%2Fwp%2Fv2%2Fcategories&post=7112"},{"taxonomy":"post_tag","embeddable":true,"href":"https:\/\/carnea.cz\/index.php?rest_route=%2Fwp%2Fv2%2Ftags&post=7112"}],"curies":[{"name":"wp","href":"https:\/\/api.w.org\/{rel}","templated":true}]}}