{"id":6322,"date":"2019-05-07T08:30:41","date_gmt":"2019-05-07T08:30:41","guid":{"rendered":"http:\/\/carnea.cz\/?p=6322"},"modified":"2019-05-07T08:32:34","modified_gmt":"2019-05-07T08:32:34","slug":"vrh-t11","status":"publish","type":"post","link":"https:\/\/carnea.cz\/?p=6322","title":{"rendered":"Vrh T11"},"content":{"rendered":"\n<p>Dne 16.4. se mamince C\u00e1corce Harnas a tat\u00ednkovi Ruda Z Turkovic narodila ob\u0159\u00ed sami\u010dka jedin\u00e1\u010dka. P\u0159ed odstavem v\u00e1\u017e\u00ed u\u017e t\u00e9m\u011b\u0159 350 g, prost\u011b jed sem sn\u011bd sem uch\u00e1\u010d ml\u00edka, ka\u0161i z rendl\u00edka, pecen chleba, m\u00e1mu, t\u00e1tu&#8230;Hol\u010di\u010dka je b\u00e9\u017eov\u00e1 a m\u00e1 b\u00edlou p\u0159edn\u00ed \u0165apku a by\u0165 v barv\u011b nen\u00ed tak, jak jsem cht\u011bla, asi si j\u00ed stejn\u011b nech\u00e1m. Pro C\u00e1corku je to u\u017e 3. vrh, po dvakr\u00e1te jsem sami\u010dku vybrat nedok\u00e1zala, tak se trochu boj\u00edm, abych C\u00e1corky genotyp \u00fapln\u011b nezahodila do ko\u0161e, p\u0159eci jen se n\u00e1m tahle barva na ka\u017ed\u00e9m rohu nev\u00e1l\u00ed&#8230;<\/p>\n\n\n\n<ul class=\"wp-block-gallery columns-3 is-cropped wp-block-gallery-1 is-layout-flex wp-block-gallery-is-layout-flex\"><li class=\"blocks-gallery-item\"><figure><img loading=\"lazy\" decoding=\"async\" width=\"640\" height=\"360\" src=\"http:\/\/carnea.cz\/wp-content\/uploads\/2019\/05\/T-s-m\u00e1mou-1.jpg\" alt=\"\" data-id=\"6326\" data-link=\"http:\/\/carnea.cz\/?attachment_id=6326\" class=\"wp-image-6326\" srcset=\"https:\/\/carnea.cz\/wp-content\/uploads\/2019\/05\/T-s-m\u00e1mou-1.jpg 640w, https:\/\/carnea.cz\/wp-content\/uploads\/2019\/05\/T-s-m\u00e1mou-1-300x169.jpg 300w\" sizes=\"auto, (max-width: 640px) 100vw, 640px\" \/><\/figure><\/li><li class=\"blocks-gallery-item\"><figure><img loading=\"lazy\" decoding=\"async\" width=\"640\" height=\"360\" src=\"http:\/\/carnea.cz\/wp-content\/uploads\/2019\/05\/T-\u010dum\u00e1k.jpg\" alt=\"\" data-id=\"6323\" data-link=\"http:\/\/carnea.cz\/?attachment_id=6323\" class=\"wp-image-6323\" srcset=\"https:\/\/carnea.cz\/wp-content\/uploads\/2019\/05\/T-\u010dum\u00e1k.jpg 640w, https:\/\/carnea.cz\/wp-content\/uploads\/2019\/05\/T-\u010dum\u00e1k-300x169.jpg 300w\" sizes=\"auto, (max-width: 640px) 100vw, 640px\" \/><\/figure><\/li><li class=\"blocks-gallery-item\"><figure><img loading=\"lazy\" decoding=\"async\" width=\"640\" height=\"360\" src=\"http:\/\/carnea.cz\/wp-content\/uploads\/2019\/05\/T-prdka.jpg\" alt=\"\" data-id=\"6325\" data-link=\"http:\/\/carnea.cz\/?attachment_id=6325\" class=\"wp-image-6325\" srcset=\"https:\/\/carnea.cz\/wp-content\/uploads\/2019\/05\/T-prdka.jpg 640w, https:\/\/carnea.cz\/wp-content\/uploads\/2019\/05\/T-prdka-300x169.jpg 300w\" sizes=\"auto, (max-width: 640px) 100vw, 640px\" \/><\/figure><\/li><li class=\"blocks-gallery-item\"><figure><img loading=\"lazy\" decoding=\"async\" width=\"640\" height=\"360\" src=\"http:\/\/carnea.cz\/wp-content\/uploads\/2019\/05\/T-letecky.jpg\" alt=\"\" data-id=\"6324\" data-link=\"http:\/\/carnea.cz\/?attachment_id=6324\" class=\"wp-image-6324\" srcset=\"https:\/\/carnea.cz\/wp-content\/uploads\/2019\/05\/T-letecky.jpg 640w, https:\/\/carnea.cz\/wp-content\/uploads\/2019\/05\/T-letecky-300x169.jpg 300w\" sizes=\"auto, (max-width: 640px) 100vw, 640px\" \/><\/figure><\/li><li class=\"blocks-gallery-item\"><figure><img loading=\"lazy\" decoding=\"async\" width=\"640\" height=\"360\" src=\"http:\/\/carnea.cz\/wp-content\/uploads\/2019\/05\/Topinka-2.jpg\" alt=\"\" data-id=\"6328\" data-link=\"http:\/\/carnea.cz\/?attachment_id=6328\" class=\"wp-image-6328\" srcset=\"https:\/\/carnea.cz\/wp-content\/uploads\/2019\/05\/Topinka-2.jpg 640w, https:\/\/carnea.cz\/wp-content\/uploads\/2019\/05\/Topinka-2-300x169.jpg 300w\" sizes=\"auto, (max-width: 640px) 100vw, 640px\" \/><\/figure><\/li><li class=\"blocks-gallery-item\"><figure><img loading=\"lazy\" decoding=\"async\" width=\"640\" height=\"360\" src=\"http:\/\/carnea.cz\/wp-content\/uploads\/2019\/05\/Topinka-1.jpg\" alt=\"\" data-id=\"6327\" data-link=\"http:\/\/carnea.cz\/?attachment_id=6327\" class=\"wp-image-6327\" srcset=\"https:\/\/carnea.cz\/wp-content\/uploads\/2019\/05\/Topinka-1.jpg 640w, https:\/\/carnea.cz\/wp-content\/uploads\/2019\/05\/Topinka-1-300x169.jpg 300w\" sizes=\"auto, (max-width: 640px) 100vw, 640px\" \/><\/figure><\/li><li class=\"blocks-gallery-item\"><figure><img loading=\"lazy\" decoding=\"async\" width=\"360\" height=\"640\" src=\"http:\/\/carnea.cz\/wp-content\/uploads\/2019\/05\/Topinka-3-e1557217714885.jpg\" alt=\"\" data-id=\"6329\" data-link=\"http:\/\/carnea.cz\/?attachment_id=6329\" class=\"wp-image-6329\" srcset=\"https:\/\/carnea.cz\/wp-content\/uploads\/2019\/05\/Topinka-3-e1557217714885.jpg 360w, https:\/\/carnea.cz\/wp-content\/uploads\/2019\/05\/Topinka-3-e1557217714885-169x300.jpg 169w\" sizes=\"auto, (max-width: 360px) 100vw, 360px\" \/><\/figure><\/li><\/ul>\n\n\n\n<p><\/p>\n","protected":false},"excerpt":{"rendered":"<p>Dne 16.4. se mamince C\u00e1corce Harnas a tat\u00ednkovi Ruda Z Turkovic narodila ob\u0159\u00ed sami\u010dka jedin\u00e1\u010dka. P\u0159ed odstavem v\u00e1\u017e\u00ed u\u017e t\u00e9m\u011b\u0159 350 g, prost\u011b jed sem&#8230;<\/p>\n","protected":false},"author":1,"featured_media":6326,"comment_status":"closed","ping_status":"closed","sticky":false,"template":"","format":"standard","meta":{"footnotes":""},"categories":[23],"tags":[],"class_list":["post-6322","post","type-post","status-publish","format-standard","has-post-thumbnail","hentry","category-narozene-vrhy"],"_links":{"self":[{"href":"https:\/\/carnea.cz\/index.php?rest_route=\/wp\/v2\/posts\/6322","targetHints":{"allow":["GET"]}}],"collection":[{"href":"https:\/\/carnea.cz\/index.php?rest_route=\/wp\/v2\/posts"}],"about":[{"href":"https:\/\/carnea.cz\/index.php?rest_route=\/wp\/v2\/types\/post"}],"author":[{"embeddable":true,"href":"https:\/\/carnea.cz\/index.php?rest_route=\/wp\/v2\/users\/1"}],"replies":[{"embeddable":true,"href":"https:\/\/carnea.cz\/index.php?rest_route=%2Fwp%2Fv2%2Fcomments&post=6322"}],"version-history":[{"count":1,"href":"https:\/\/carnea.cz\/index.php?rest_route=\/wp\/v2\/posts\/6322\/revisions"}],"predecessor-version":[{"id":6330,"href":"https:\/\/carnea.cz\/index.php?rest_route=\/wp\/v2\/posts\/6322\/revisions\/6330"}],"wp:featuredmedia":[{"embeddable":true,"href":"https:\/\/carnea.cz\/index.php?rest_route=\/wp\/v2\/media\/6326"}],"wp:attachment":[{"href":"https:\/\/carnea.cz\/index.php?rest_route=%2Fwp%2Fv2%2Fmedia&parent=6322"}],"wp:term":[{"taxonomy":"category","embeddable":true,"href":"https:\/\/carnea.cz\/index.php?rest_route=%2Fwp%2Fv2%2Fcategories&post=6322"},{"taxonomy":"post_tag","embeddable":true,"href":"https:\/\/carnea.cz\/index.php?rest_route=%2Fwp%2Fv2%2Ftags&post=6322"}],"curies":[{"name":"wp","href":"https:\/\/api.w.org\/{rel}","templated":true}]}}