{"id":6290,"date":"2019-05-07T07:57:32","date_gmt":"2019-05-07T07:57:32","guid":{"rendered":"http:\/\/carnea.cz\/?p=6290"},"modified":"2019-05-10T08:45:23","modified_gmt":"2019-05-10T08:45:23","slug":"vrh-r11","status":"publish","type":"post","link":"https:\/\/carnea.cz\/?p=6290","title":{"rendered":"Vrh R11"},"content":{"rendered":"\n<p>Dne 13.4. 2019 se mamince Sn\u011b\u017eence z Turkovic a tat\u00ednkovi Ozzy Cavia Carnea narodil vrh R11. M\u00e1me dv\u011b velk\u00e9 \u010dern\u00e9 macat\u00e9 hol\u010di\u010dky, jednu s t\u0159\u00edslovou kresbou (fox) a druhou celo\u010dernou. Nev\u00edm, jak to ta Sn\u011b\u017eenka d\u011bl\u00e1, ale a\u010d je sama drobn\u011bj\u0161\u00ed, tak mim\u010da m\u00e1 velik\u00e1 a koj\u00ed a koj\u00ed a koj\u00ed :-). Ob\u011b hol\u010di\u010dky jsou jak buchti\u010dky a a\u010d maj\u00ed na odstav je\u0161t\u011b \u010das, d\u00e1vno u\u017e p\u0159esko\u010dily v\u00e1hu 250 g :-).<\/p>\n\n\n\n<ul class=\"wp-block-gallery columns-3 is-cropped wp-block-gallery-1 is-layout-flex wp-block-gallery-is-layout-flex\"><li class=\"blocks-gallery-item\"><figure><img loading=\"lazy\" decoding=\"async\" width=\"640\" height=\"360\" src=\"http:\/\/carnea.cz\/wp-content\/uploads\/2019\/05\/R-s-m\u00e1mou.jpg\" alt=\"\" data-id=\"6294\" data-link=\"http:\/\/carnea.cz\/?attachment_id=6294\" class=\"wp-image-6294\" srcset=\"https:\/\/carnea.cz\/wp-content\/uploads\/2019\/05\/R-s-m\u00e1mou.jpg 640w, https:\/\/carnea.cz\/wp-content\/uploads\/2019\/05\/R-s-m\u00e1mou-300x169.jpg 300w\" sizes=\"auto, (max-width: 640px) 100vw, 640px\" \/><\/figure><\/li><li class=\"blocks-gallery-item\"><figure><img loading=\"lazy\" decoding=\"async\" width=\"640\" height=\"360\" src=\"http:\/\/carnea.cz\/wp-content\/uploads\/2019\/05\/R-\u010dum\u00e1ky.jpg\" alt=\"\" data-id=\"6291\" data-link=\"http:\/\/carnea.cz\/?attachment_id=6291\" class=\"wp-image-6291\" srcset=\"https:\/\/carnea.cz\/wp-content\/uploads\/2019\/05\/R-\u010dum\u00e1ky.jpg 640w, https:\/\/carnea.cz\/wp-content\/uploads\/2019\/05\/R-\u010dum\u00e1ky-300x169.jpg 300w\" sizes=\"auto, (max-width: 640px) 100vw, 640px\" \/><\/figure><\/li><li class=\"blocks-gallery-item\"><figure><img loading=\"lazy\" decoding=\"async\" width=\"640\" height=\"360\" src=\"http:\/\/carnea.cz\/wp-content\/uploads\/2019\/05\/R-letecky.jpg\" alt=\"\" data-id=\"6292\" data-link=\"http:\/\/carnea.cz\/?attachment_id=6292\" class=\"wp-image-6292\" srcset=\"https:\/\/carnea.cz\/wp-content\/uploads\/2019\/05\/R-letecky.jpg 640w, https:\/\/carnea.cz\/wp-content\/uploads\/2019\/05\/R-letecky-300x169.jpg 300w\" sizes=\"auto, (max-width: 640px) 100vw, 640px\" \/><\/figure><\/li><li class=\"blocks-gallery-item\"><figure><img loading=\"lazy\" decoding=\"async\" width=\"640\" height=\"360\" src=\"http:\/\/carnea.cz\/wp-content\/uploads\/2019\/05\/R-prdky.jpg\" alt=\"\" data-id=\"6293\" data-link=\"http:\/\/carnea.cz\/?attachment_id=6293\" class=\"wp-image-6293\" srcset=\"https:\/\/carnea.cz\/wp-content\/uploads\/2019\/05\/R-prdky.jpg 640w, https:\/\/carnea.cz\/wp-content\/uploads\/2019\/05\/R-prdky-300x169.jpg 300w\" sizes=\"auto, (max-width: 640px) 100vw, 640px\" \/><\/figure><\/li><li class=\"blocks-gallery-item\"><figure><img loading=\"lazy\" decoding=\"async\" width=\"640\" height=\"360\" src=\"http:\/\/carnea.cz\/wp-content\/uploads\/2019\/05\/Rozinka-2.jpg\" alt=\"\" data-id=\"6299\" data-link=\"http:\/\/carnea.cz\/?attachment_id=6299\" class=\"wp-image-6299\" srcset=\"https:\/\/carnea.cz\/wp-content\/uploads\/2019\/05\/Rozinka-2.jpg 640w, https:\/\/carnea.cz\/wp-content\/uploads\/2019\/05\/Rozinka-2-300x169.jpg 300w\" sizes=\"auto, (max-width: 640px) 100vw, 640px\" \/><\/figure><\/li><li class=\"blocks-gallery-item\"><figure><img loading=\"lazy\" decoding=\"async\" width=\"640\" height=\"360\" src=\"http:\/\/carnea.cz\/wp-content\/uploads\/2019\/05\/Rozinka-1.jpg\" alt=\"\" data-id=\"6298\" data-link=\"http:\/\/carnea.cz\/?attachment_id=6298\" class=\"wp-image-6298\" srcset=\"https:\/\/carnea.cz\/wp-content\/uploads\/2019\/05\/Rozinka-1.jpg 640w, https:\/\/carnea.cz\/wp-content\/uploads\/2019\/05\/Rozinka-1-300x169.jpg 300w\" sizes=\"auto, (max-width: 640px) 100vw, 640px\" \/><\/figure><\/li><li class=\"blocks-gallery-item\"><figure><img loading=\"lazy\" decoding=\"async\" width=\"360\" height=\"640\" src=\"http:\/\/carnea.cz\/wp-content\/uploads\/2019\/05\/Rozinka-3-e1557215565930.jpg\" alt=\"\" data-id=\"6300\" data-link=\"http:\/\/carnea.cz\/?attachment_id=6300\" class=\"wp-image-6300\" srcset=\"https:\/\/carnea.cz\/wp-content\/uploads\/2019\/05\/Rozinka-3-e1557215565930.jpg 360w, https:\/\/carnea.cz\/wp-content\/uploads\/2019\/05\/Rozinka-3-e1557215565930-169x300.jpg 169w\" sizes=\"auto, (max-width: 360px) 100vw, 360px\" \/><\/figure><\/li><li class=\"blocks-gallery-item\"><figure><img loading=\"lazy\" decoding=\"async\" width=\"640\" height=\"360\" src=\"http:\/\/carnea.cz\/wp-content\/uploads\/2019\/05\/Ronja-2.jpg\" alt=\"\" data-id=\"6296\" data-link=\"http:\/\/carnea.cz\/?attachment_id=6296\" class=\"wp-image-6296\" srcset=\"https:\/\/carnea.cz\/wp-content\/uploads\/2019\/05\/Ronja-2.jpg 640w, https:\/\/carnea.cz\/wp-content\/uploads\/2019\/05\/Ronja-2-300x169.jpg 300w\" sizes=\"auto, (max-width: 640px) 100vw, 640px\" \/><\/figure><\/li><li class=\"blocks-gallery-item\"><figure><img loading=\"lazy\" decoding=\"async\" width=\"640\" height=\"360\" src=\"http:\/\/carnea.cz\/wp-content\/uploads\/2019\/05\/Ronja-1.jpg\" alt=\"\" data-id=\"6295\" data-link=\"http:\/\/carnea.cz\/?attachment_id=6295\" class=\"wp-image-6295\" srcset=\"https:\/\/carnea.cz\/wp-content\/uploads\/2019\/05\/Ronja-1.jpg 640w, https:\/\/carnea.cz\/wp-content\/uploads\/2019\/05\/Ronja-1-300x169.jpg 300w\" sizes=\"auto, (max-width: 640px) 100vw, 640px\" \/><\/figure><\/li><li class=\"blocks-gallery-item\"><figure><img loading=\"lazy\" decoding=\"async\" width=\"360\" height=\"640\" src=\"http:\/\/carnea.cz\/wp-content\/uploads\/2019\/05\/Ronja-3-e1557215588504.jpg\" alt=\"\" data-id=\"6297\" data-link=\"http:\/\/carnea.cz\/?attachment_id=6297\" class=\"wp-image-6297\" srcset=\"https:\/\/carnea.cz\/wp-content\/uploads\/2019\/05\/Ronja-3-e1557215588504.jpg 360w, https:\/\/carnea.cz\/wp-content\/uploads\/2019\/05\/Ronja-3-e1557215588504-169x300.jpg 169w\" sizes=\"auto, (max-width: 360px) 100vw, 360px\" \/><\/figure><\/li><\/ul>\n","protected":false},"excerpt":{"rendered":"<p>Dne 13.4. 2019 se mamince Sn\u011b\u017eence z Turkovic a tat\u00ednkovi Ozzy Cavia Carnea narodil vrh R11. M\u00e1me dv\u011b velk\u00e9 \u010dern\u00e9 macat\u00e9 hol\u010di\u010dky, jednu s t\u0159\u00edslovou&#8230;<\/p>\n","protected":false},"author":1,"featured_media":6294,"comment_status":"closed","ping_status":"closed","sticky":false,"template":"","format":"standard","meta":{"footnotes":""},"categories":[23],"tags":[],"class_list":["post-6290","post","type-post","status-publish","format-standard","has-post-thumbnail","hentry","category-narozene-vrhy"],"_links":{"self":[{"href":"https:\/\/carnea.cz\/index.php?rest_route=\/wp\/v2\/posts\/6290","targetHints":{"allow":["GET"]}}],"collection":[{"href":"https:\/\/carnea.cz\/index.php?rest_route=\/wp\/v2\/posts"}],"about":[{"href":"https:\/\/carnea.cz\/index.php?rest_route=\/wp\/v2\/types\/post"}],"author":[{"embeddable":true,"href":"https:\/\/carnea.cz\/index.php?rest_route=\/wp\/v2\/users\/1"}],"replies":[{"embeddable":true,"href":"https:\/\/carnea.cz\/index.php?rest_route=%2Fwp%2Fv2%2Fcomments&post=6290"}],"version-history":[{"count":3,"href":"https:\/\/carnea.cz\/index.php?rest_route=\/wp\/v2\/posts\/6290\/revisions"}],"predecessor-version":[{"id":6498,"href":"https:\/\/carnea.cz\/index.php?rest_route=\/wp\/v2\/posts\/6290\/revisions\/6498"}],"wp:featuredmedia":[{"embeddable":true,"href":"https:\/\/carnea.cz\/index.php?rest_route=\/wp\/v2\/media\/6294"}],"wp:attachment":[{"href":"https:\/\/carnea.cz\/index.php?rest_route=%2Fwp%2Fv2%2Fmedia&parent=6290"}],"wp:term":[{"taxonomy":"category","embeddable":true,"href":"https:\/\/carnea.cz\/index.php?rest_route=%2Fwp%2Fv2%2Fcategories&post=6290"},{"taxonomy":"post_tag","embeddable":true,"href":"https:\/\/carnea.cz\/index.php?rest_route=%2Fwp%2Fv2%2Ftags&post=6290"}],"curies":[{"name":"wp","href":"https:\/\/api.w.org\/{rel}","templated":true}]}}