{"id":5939,"date":"2019-03-07T09:56:25","date_gmt":"2019-03-07T09:56:25","guid":{"rendered":"http:\/\/carnea.cz\/?p=5939"},"modified":"2019-03-28T12:12:23","modified_gmt":"2019-03-28T12:12:23","slug":"ohlednuti-za-rokem-2018","status":"publish","type":"post","link":"https:\/\/carnea.cz\/?p=5939","title":{"rendered":"Ohl\u00e9dnut\u00ed za rokem 2018"},"content":{"rendered":"\n<p>V\u0161\u00edmav\u00ed n\u00e1v\u0161t\u011bvn\u00edci tohot webu si ji\u017e ur\u010dit\u011b v\u0161imli, \u017ee jsem s po\u0159\u00e1dn\u00fdm &nbsp;zpo\u017ed\u011bn\u00edm p\u0159idala posledn\u00ed vrhy z lo\u0148sk\u00e9ho roku. A \u017ee web nebyl od listopadu 2018 aktualizov\u00e1n. Co k tomu napsat v\u00edce?<\/p>\n\n\n\n<p>Mysl\u00edm, \u017ee pr\u016fb\u011bh lo\u0148sk\u00e9ho roku m\u00e1me v\u0161ichni je\u0161t\u011b v patrnosti. \u00damorn\u00e1 neust\u00e1vaj\u00edc\u00ed vedra, absolutn\u00ed miminum de\u0161\u0165ov\u00fdch sr\u00e1\u017eek, neust\u00e1vaj\u00edc\u00ed slune\u010dn\u00ed svit. To v\u0161e se koncem roku prom\u00edtlo i do m\u00e9ho &#8222;mor\u010dec\u00edho&#8220; sna\u017een\u00ed a bohu\u017eel mi to v\u016fbec nep\u0159idalo na n\u00e1lad\u011b. Ji\u017e del\u0161\u00ed dobu m\u011b doh\u00e1n\u00ed pon\u011bkud vy\u0161\u0161\u00ed pracovn\u00ed nasazen\u00ed ne\u017e bych si p\u0159\u00e1la a v kombinaci s p\u00e9\u010d\u00ed o zv\u00ed\u0159ata, kter\u00e1 prost\u011b v lo\u0148sk\u00e9m roce nebyla v\u016fbec jednoduch\u00e1 si to cel\u00e9 vy\u017e\u00e1dalo oddechov\u00fd \u010das. Vloni na podzim jsem m\u011bla sp\u00ed\u0161e pocit, \u017ee chov ukon\u010d\u00edm, proto\u017ee jak fyzickou, tak psychickou z\u00e1t\u011b\u017e, kter\u00e1 se k tomu v\u00e1\u017ee, se mi u\u017e necht\u011blo n\u00e9st. Nedostatek tr\u00e1vy n\u00e1sledovan\u00fd logick\u00fdm nedostatkem sena, to v\u0161e se samoz\u0159ejm\u011b prom\u00edtlo v kombinaci s nevhodn\u00fdmi teplotami a sn\u00ed\u017een\u00fdm mno\u017estv\u00edm pohybu ve v\u00fdb\u011bz\u00edch na kondici chovn\u00fdch zv\u00ed\u0159at. Zat\u00edmco na ja\u0159e 2018 se ve vrz\u00edch C10-S10 narodilo zcela bez m\u00fdch z\u00e1sah\u016f 54 \u017eiv\u00fdch ml\u00e1\u010fat (21 sami\u010dek, 33 kluk\u016f) a jedin\u00fdmi mr\u00e1\u010dky na odchovech byl potrat nedovyvinut\u00fdch \u0161ester\u010dat, co\u017e snad nelze m\u00edt ani samici ani p\u0159\u00edrod\u011b za zl\u00e9 a u dvou samic v\u017edy po 1 mrtv\u011b narozen\u00e9m \u00a0miminku mezi ostatn\u00edmi zdrav\u00fdmi a vesel\u00fdmi sourozenci, tak na podzim n\u00e1sledovala cel\u00e1 etuda probl\u00e9m\u016f p\u0159i odchovech, aby v\u0161e skon\u010dilo v z\u00e1v\u011bre\u010dn\u00e9m sk\u00f3re &#8211; 2 samice uhynuly na komplikace p\u0159i porodu, p\u0159i v\u00edcero porodech jsem necht\u011bn\u011b asistovala a doslova vytahovala mim\u010da ven. I tak podzim skon\u010dil neslavn\u00fdm sk\u00f3re 59 \u017eiv\u00fdch ml\u00e1\u010f\u00e1tek (30 sami\u010dek, 29 kluk\u016f), 8 mrtv\u011b narozen\u00fdch miminek.<\/p>\n\n\n\n<p>Vin\u00edky t\u00e9to situace lze lehko vysledovat &#8211; nep\u0159im\u011b\u0159en\u00e9 teploty, ne zcela vhodn\u00e9 krmen\u00ed, mal\u00fd pohyb ve v\u00fdb\u011bz\u00edch kv\u016fli vedru. Odstranit tyto faktory bohu\u017eel nebylo v m\u00fdch sil\u00e1ch a p\u0159izn\u00e1v\u00e1m se, \u017ee s obavami hled\u00edm do roku 2019, zda se situace nebude opakovat.<\/p>\n\n\n\n<p>Tady p\u0159id\u00e1v\u00e1m fotky, co chovateli taky zrovna 2x nep\u0159id\u00e1&#8230;<\/p>\n\n\n\n<ul class=\"wp-block-gallery columns-2 is-cropped wp-block-gallery-1 is-layout-flex wp-block-gallery-is-layout-flex\"><li class=\"blocks-gallery-item\"><figure><img loading=\"lazy\" decoding=\"async\" width=\"1000\" height=\"563\" src=\"http:\/\/carnea.cz\/wp-content\/uploads\/2019\/03\/20190220_170339.jpg\" alt=\"\" data-id=\"6142\" data-link=\"http:\/\/carnea.cz\/?attachment_id=6142\" class=\"wp-image-6142\" srcset=\"https:\/\/carnea.cz\/wp-content\/uploads\/2019\/03\/20190220_170339.jpg 1000w, https:\/\/carnea.cz\/wp-content\/uploads\/2019\/03\/20190220_170339-300x169.jpg 300w, https:\/\/carnea.cz\/wp-content\/uploads\/2019\/03\/20190220_170339-768x432.jpg 768w\" sizes=\"auto, (max-width: 1000px) 100vw, 1000px\" \/><\/figure><\/li><li class=\"blocks-gallery-item\"><figure><img loading=\"lazy\" decoding=\"async\" width=\"1000\" height=\"563\" src=\"http:\/\/carnea.cz\/wp-content\/uploads\/2019\/03\/20190220_170939.jpg\" alt=\"\" data-id=\"6143\" data-link=\"http:\/\/carnea.cz\/?attachment_id=6143\" class=\"wp-image-6143\" srcset=\"https:\/\/carnea.cz\/wp-content\/uploads\/2019\/03\/20190220_170939.jpg 1000w, https:\/\/carnea.cz\/wp-content\/uploads\/2019\/03\/20190220_170939-300x169.jpg 300w, https:\/\/carnea.cz\/wp-content\/uploads\/2019\/03\/20190220_170939-768x432.jpg 768w\" sizes=\"auto, (max-width: 1000px) 100vw, 1000px\" \/><\/figure><\/li><\/ul>\n\n\n\n<p>Vzhledem k tomu, \u017ee mi koncem \u00fanora do\u0161lo seno, absolvovala jsem pom\u011brn\u011b vy\u010derp\u00e1vaj\u00edc\u00ed sh\u00e1n\u011bn\u00ed dal\u0161\u00edho bal\u00edku. Zat\u00edmco prvn\u00edch 150-200 kg sena z n\u011bj bylo v po\u0159\u00e1dku, vnit\u0159ek bal\u00edku byl k nepou\u017eit\u00ed&#8230; M\u00fdm \u0161t\u011bst\u00edm v ne\u0161t\u011bst\u00ed bylo, \u017ee bal\u00edk v\u017edy po dod\u00e1n\u00ed rozd\u011bl\u00edm do pytl\u016f, abych seno mohla skladovat na p\u016fd\u011b v suchu. Tak\u017ee jsem z\u00e1vadu objevila vlastn\u011b hned druh\u00fd den po dod\u00e1n\u00ed a prodejce byl na\u0161t\u011bst\u00ed celkem seri\u00f3zn\u00ed. Ono v p\u0159\u00edpad\u011b ceny 300 za bal\u00edk bych toto asi ne\u0159e\u0161ila, ale tento byl \u0159\u00e1dov\u011b o dost dra\u017e\u0161\u00ed&#8230;<\/p>\n","protected":false},"excerpt":{"rendered":"<p>V\u0161\u00edmav\u00ed n\u00e1v\u0161t\u011bvn\u00edci tohot webu si ji\u017e ur\u010dit\u011b v\u0161imli, \u017ee jsem s po\u0159\u00e1dn\u00fdm &nbsp;zpo\u017ed\u011bn\u00edm p\u0159idala posledn\u00ed vrhy z lo\u0148sk\u00e9ho roku. A \u017ee web nebyl od listopadu&#8230;<\/p>\n","protected":false},"author":1,"featured_media":0,"comment_status":"open","ping_status":"closed","sticky":false,"template":"","format":"standard","meta":{"footnotes":""},"categories":[2],"tags":[],"class_list":["post-5939","post","type-post","status-publish","format-standard","hentry","category-novinky"],"_links":{"self":[{"href":"https:\/\/carnea.cz\/index.php?rest_route=\/wp\/v2\/posts\/5939","targetHints":{"allow":["GET"]}}],"collection":[{"href":"https:\/\/carnea.cz\/index.php?rest_route=\/wp\/v2\/posts"}],"about":[{"href":"https:\/\/carnea.cz\/index.php?rest_route=\/wp\/v2\/types\/post"}],"author":[{"embeddable":true,"href":"https:\/\/carnea.cz\/index.php?rest_route=\/wp\/v2\/users\/1"}],"replies":[{"embeddable":true,"href":"https:\/\/carnea.cz\/index.php?rest_route=%2Fwp%2Fv2%2Fcomments&post=5939"}],"version-history":[{"count":5,"href":"https:\/\/carnea.cz\/index.php?rest_route=\/wp\/v2\/posts\/5939\/revisions"}],"predecessor-version":[{"id":6145,"href":"https:\/\/carnea.cz\/index.php?rest_route=\/wp\/v2\/posts\/5939\/revisions\/6145"}],"wp:attachment":[{"href":"https:\/\/carnea.cz\/index.php?rest_route=%2Fwp%2Fv2%2Fmedia&parent=5939"}],"wp:term":[{"taxonomy":"category","embeddable":true,"href":"https:\/\/carnea.cz\/index.php?rest_route=%2Fwp%2Fv2%2Fcategories&post=5939"},{"taxonomy":"post_tag","embeddable":true,"href":"https:\/\/carnea.cz\/index.php?rest_route=%2Fwp%2Fv2%2Ftags&post=5939"}],"curies":[{"name":"wp","href":"https:\/\/api.w.org\/{rel}","templated":true}]}}