{"id":5892,"date":"2019-03-07T09:13:30","date_gmt":"2019-03-07T09:13:30","guid":{"rendered":"http:\/\/carnea.cz\/?p=5892"},"modified":"2019-03-07T09:13:32","modified_gmt":"2019-03-07T09:13:32","slug":"vrh-o11","status":"publish","type":"post","link":"https:\/\/carnea.cz\/?p=5892","title":{"rendered":"Vrh O11"},"content":{"rendered":"\n<p>Dne 11.11. 2018 se mamince Evi\u010dka Cavia Carnea a tat\u00ednkovi Ozzy Cavia Carnea narodil vrh O. Byla v n\u011bm jedin\u00e1 ob\u0159\u00ed hol\u010di\u010dka, kter\u00e1 po ammince zd\u011bdila \u010dernou barvu. Jedina\u010dka je p\u011bkn\u00e1 macanda a p\u011bkn\u011b prosp\u00edv\u00e1.<\/p>\n\n\n\n<ul class=\"wp-block-gallery columns-3 is-cropped wp-block-gallery-1 is-layout-flex wp-block-gallery-is-layout-flex\"><li class=\"blocks-gallery-item\"><figure><img loading=\"lazy\" decoding=\"async\" width=\"640\" height=\"360\" src=\"http:\/\/carnea.cz\/wp-content\/uploads\/2019\/03\/O-\u010dum\u00e1ky.jpg\" alt=\"\" data-id=\"5893\" data-link=\"http:\/\/carnea.cz\/?attachment_id=5893\" class=\"wp-image-5893\" srcset=\"https:\/\/carnea.cz\/wp-content\/uploads\/2019\/03\/O-\u010dum\u00e1ky.jpg 640w, https:\/\/carnea.cz\/wp-content\/uploads\/2019\/03\/O-\u010dum\u00e1ky-300x169.jpg 300w\" sizes=\"auto, (max-width: 640px) 100vw, 640px\" \/><\/figure><\/li><li class=\"blocks-gallery-item\"><figure><img loading=\"lazy\" decoding=\"async\" width=\"640\" height=\"360\" src=\"http:\/\/carnea.cz\/wp-content\/uploads\/2019\/03\/O-letecky.jpg\" alt=\"\" data-id=\"5894\" data-link=\"http:\/\/carnea.cz\/?attachment_id=5894\" class=\"wp-image-5894\" srcset=\"https:\/\/carnea.cz\/wp-content\/uploads\/2019\/03\/O-letecky.jpg 640w, https:\/\/carnea.cz\/wp-content\/uploads\/2019\/03\/O-letecky-300x169.jpg 300w\" sizes=\"auto, (max-width: 640px) 100vw, 640px\" \/><\/figure><\/li><li class=\"blocks-gallery-item\"><figure><img loading=\"lazy\" decoding=\"async\" width=\"640\" height=\"360\" src=\"http:\/\/carnea.cz\/wp-content\/uploads\/2019\/03\/O-prdky.jpg\" alt=\"\" data-id=\"5895\" data-link=\"http:\/\/carnea.cz\/?attachment_id=5895\" class=\"wp-image-5895\" srcset=\"https:\/\/carnea.cz\/wp-content\/uploads\/2019\/03\/O-prdky.jpg 640w, https:\/\/carnea.cz\/wp-content\/uploads\/2019\/03\/O-prdky-300x169.jpg 300w\" sizes=\"auto, (max-width: 640px) 100vw, 640px\" \/><\/figure><\/li><li class=\"blocks-gallery-item\"><figure><img loading=\"lazy\" decoding=\"async\" width=\"640\" height=\"360\" src=\"http:\/\/carnea.cz\/wp-content\/uploads\/2019\/03\/O-s-m\u00e1mou.jpg\" alt=\"\" data-id=\"5896\" data-link=\"http:\/\/carnea.cz\/?attachment_id=5896\" class=\"wp-image-5896\" srcset=\"https:\/\/carnea.cz\/wp-content\/uploads\/2019\/03\/O-s-m\u00e1mou.jpg 640w, https:\/\/carnea.cz\/wp-content\/uploads\/2019\/03\/O-s-m\u00e1mou-300x169.jpg 300w\" sizes=\"auto, (max-width: 640px) 100vw, 640px\" \/><\/figure><\/li><li class=\"blocks-gallery-item\"><figure><img loading=\"lazy\" decoding=\"async\" width=\"640\" height=\"360\" src=\"http:\/\/carnea.cz\/wp-content\/uploads\/2019\/03\/Odysea-1.jpg\" alt=\"\" data-id=\"5897\" data-link=\"http:\/\/carnea.cz\/?attachment_id=5897\" class=\"wp-image-5897\" srcset=\"https:\/\/carnea.cz\/wp-content\/uploads\/2019\/03\/Odysea-1.jpg 640w, https:\/\/carnea.cz\/wp-content\/uploads\/2019\/03\/Odysea-1-300x169.jpg 300w\" sizes=\"auto, (max-width: 640px) 100vw, 640px\" \/><\/figure><\/li><li class=\"blocks-gallery-item\"><figure><img loading=\"lazy\" decoding=\"async\" width=\"640\" height=\"360\" src=\"http:\/\/carnea.cz\/wp-content\/uploads\/2019\/03\/Odysea-2.jpg\" alt=\"\" data-id=\"5898\" data-link=\"http:\/\/carnea.cz\/?attachment_id=5898\" class=\"wp-image-5898\" srcset=\"https:\/\/carnea.cz\/wp-content\/uploads\/2019\/03\/Odysea-2.jpg 640w, https:\/\/carnea.cz\/wp-content\/uploads\/2019\/03\/Odysea-2-300x169.jpg 300w\" sizes=\"auto, (max-width: 640px) 100vw, 640px\" \/><\/figure><\/li><li class=\"blocks-gallery-item\"><figure><img loading=\"lazy\" decoding=\"async\" width=\"360\" height=\"640\" src=\"http:\/\/carnea.cz\/wp-content\/uploads\/2019\/03\/Odysea-3-e1551949801649.jpg\" alt=\"\" data-id=\"5899\" data-link=\"http:\/\/carnea.cz\/?attachment_id=5899\" class=\"wp-image-5899\" srcset=\"https:\/\/carnea.cz\/wp-content\/uploads\/2019\/03\/Odysea-3-e1551949801649.jpg 360w, https:\/\/carnea.cz\/wp-content\/uploads\/2019\/03\/Odysea-3-e1551949801649-169x300.jpg 169w\" sizes=\"auto, (max-width: 360px) 100vw, 360px\" \/><\/figure><\/li><\/ul>\n\n\n\n<p><\/p>\n","protected":false},"excerpt":{"rendered":"<p>Dne 11.11. 2018 se mamince Evi\u010dka Cavia Carnea a tat\u00ednkovi Ozzy Cavia Carnea narodil vrh O. Byla v n\u011bm jedin\u00e1 ob\u0159\u00ed hol\u010di\u010dka, kter\u00e1 po ammince&#8230;<\/p>\n","protected":false},"author":1,"featured_media":5896,"comment_status":"open","ping_status":"closed","sticky":false,"template":"","format":"standard","meta":{"footnotes":""},"categories":[23],"tags":[],"class_list":["post-5892","post","type-post","status-publish","format-standard","has-post-thumbnail","hentry","category-narozene-vrhy"],"_links":{"self":[{"href":"https:\/\/carnea.cz\/index.php?rest_route=\/wp\/v2\/posts\/5892","targetHints":{"allow":["GET"]}}],"collection":[{"href":"https:\/\/carnea.cz\/index.php?rest_route=\/wp\/v2\/posts"}],"about":[{"href":"https:\/\/carnea.cz\/index.php?rest_route=\/wp\/v2\/types\/post"}],"author":[{"embeddable":true,"href":"https:\/\/carnea.cz\/index.php?rest_route=\/wp\/v2\/users\/1"}],"replies":[{"embeddable":true,"href":"https:\/\/carnea.cz\/index.php?rest_route=%2Fwp%2Fv2%2Fcomments&post=5892"}],"version-history":[{"count":1,"href":"https:\/\/carnea.cz\/index.php?rest_route=\/wp\/v2\/posts\/5892\/revisions"}],"predecessor-version":[{"id":5900,"href":"https:\/\/carnea.cz\/index.php?rest_route=\/wp\/v2\/posts\/5892\/revisions\/5900"}],"wp:featuredmedia":[{"embeddable":true,"href":"https:\/\/carnea.cz\/index.php?rest_route=\/wp\/v2\/media\/5896"}],"wp:attachment":[{"href":"https:\/\/carnea.cz\/index.php?rest_route=%2Fwp%2Fv2%2Fmedia&parent=5892"}],"wp:term":[{"taxonomy":"category","embeddable":true,"href":"https:\/\/carnea.cz\/index.php?rest_route=%2Fwp%2Fv2%2Fcategories&post=5892"},{"taxonomy":"post_tag","embeddable":true,"href":"https:\/\/carnea.cz\/index.php?rest_route=%2Fwp%2Fv2%2Ftags&post=5892"}],"curies":[{"name":"wp","href":"https:\/\/api.w.org\/{rel}","templated":true}]}}