{"id":5873,"date":"2019-03-22T09:45:13","date_gmt":"2019-03-22T09:45:13","guid":{"rendered":"http:\/\/carnea.cz\/?p=5873"},"modified":"2019-03-22T09:46:50","modified_gmt":"2019-03-22T09:46:50","slug":"k-zamysleni-proc-ne-sam","status":"publish","type":"post","link":"https:\/\/carnea.cz\/?p=5873","title":{"rendered":"K zamy\u0161len\u00ed &#8211; pro\u010d ne s\u00e1m?"},"content":{"rendered":"\n<p>Proto\u017ee celkem \u010dasto \u0159e\u0161\u00edm s majiteli ot\u00e1zku, zda po\u0159\u00eddit mor\u010de samostatn\u011b nebo s par\u0165\u00e1kem, p\u0159id\u00e1v\u00e1m n\u00ed\u017ee \u010dl\u00e1ne\u010dek, kter\u00fd m\u011b zaujal p\u0159ed ned\u00e1vnem na webu. Ne\u017e se n\u00ed\u017ee pust\u00edte do \u010dten\u00ed, p\u0159ihod\u00edm op\u011bt jedno mal\u00e9 \u0161kolen\u00ed &#8211; i u mor\u010d\u00e1k\u016f je lep\u0161\u00ed dr\u017een\u00ed po v\u00edcero jedinc\u00edch, ocen\u00edte to Vy i mor\u010data. Samostatn\u011b dr\u017een\u00e9 zv\u00ed\u0159e nikdy nep\u0159edvede cel\u00fd reperto\u00e1r chov\u00e1n\u00ed tak jak je to v p\u0159\u00edpad\u011b dvou a v\u00edce jedinc\u016f. V dosp\u011blosti pak v\u011bt\u0161inou takov\u00ed jedin\u00e1\u010dci sed\u00ed v boxu jako pecky a krom\u011b rozpt\u00fdlen\u00ed, kter\u00e9 jim p\u0159in\u00e1\u0161\u00ed chovatel, nemaj\u00ed jinou vhodnou z\u00e1bavu &#8211; tak\u017ee se jen krm\u00ed a sp\u00ed. I kdy\u017e je d\u00e1te do v\u00fdb\u011bhu, jedin\u00fd samotn\u00fd mor\u010d\u00e1k b\u00fdv\u00e1 p\u0159\u00edli\u0161 vystresovan\u00fd na to, aby si ho u\u017eil &#8211; leda\u017ee byste se tam p\u00e1sli s n\u00edm :-). Jak spr\u00e1vn\u011b mor\u010d\u00e1ky poskl\u00e1dat, aby si rozum\u011bli, je n\u011bkdy vy\u0161\u0161\u00ed d\u00edv\u010d\u00ed :-), ale v\u017edy se najde n\u011bjak\u00fd dobr\u00fd zp\u016fsob, jak vyj\u00edt t\u011bmto soci\u00e1ln\u011b &#8222;st\u00e1de\u010dkovit\u011b&#8220; \u017eij\u00edc\u00edm tvor\u016fm vst\u0159\u00edc a to je to, o\u010d tu kr\u00e1\u010d\u00ed!<\/p>\n\n\n\n<figure class=\"wp-block-image\"><img loading=\"lazy\" decoding=\"async\" width=\"1024\" height=\"819\" src=\"http:\/\/carnea.cz\/wp-content\/uploads\/2019\/03\/image-1024x819.png\" alt=\"\" class=\"wp-image-5881\" srcset=\"https:\/\/carnea.cz\/wp-content\/uploads\/2019\/03\/image-1024x819.png 1024w, https:\/\/carnea.cz\/wp-content\/uploads\/2019\/03\/image-300x240.png 300w, https:\/\/carnea.cz\/wp-content\/uploads\/2019\/03\/image-768x614.png 768w, https:\/\/carnea.cz\/wp-content\/uploads\/2019\/03\/image.png 1280w\" sizes=\"auto, (max-width: 1024px) 100vw, 1024px\" \/><\/figure>\n\n\n\n<figure class=\"wp-block-image\"><img loading=\"lazy\" decoding=\"async\" width=\"1024\" height=\"819\" src=\"http:\/\/carnea.cz\/wp-content\/uploads\/2019\/03\/image-4-1024x819.png\" alt=\"\" class=\"wp-image-5887\" srcset=\"https:\/\/carnea.cz\/wp-content\/uploads\/2019\/03\/image-4-1024x819.png 1024w, https:\/\/carnea.cz\/wp-content\/uploads\/2019\/03\/image-4-300x240.png 300w, https:\/\/carnea.cz\/wp-content\/uploads\/2019\/03\/image-4-768x614.png 768w, https:\/\/carnea.cz\/wp-content\/uploads\/2019\/03\/image-4.png 1280w\" sizes=\"auto, (max-width: 1024px) 100vw, 1024px\" \/><\/figure>\n\n\n\n<p>Vzhledem k hor\u0161\u00ed \u010ditelnosti textu p\u0159id\u00e1v\u00e1m je\u0161t\u011b i jeho prostou kopii.<\/p>\n\n\n\n<p class=\"has-background has-medium-font-size has-pale-cyan-blue-background-color\"> Nejsmutn\u011bj\u0161\u00edho slona na sv\u011bt\u011b utratili <\/p>\n\n\n\n<p>Ve \u0161pan\u011blsk\u00e9 C\u00f3rdob\u011b byla kv\u016fli chatrn\u00e9mu zdrav\u00ed utracena slonice Flavia, ozna\u010dovan\u00e1 za nejsmutn\u011bj\u0161\u00edho slona na sv\u011bt\u011b. V zoo v tomto andalusk\u00e9m m\u011bst\u011b \u017eila 43 let o samot\u011b, informoval o smutn\u00e9m p\u0159\u00edb\u011bhu britsk\u00fd list The Independent.&nbsp;&nbsp;&nbsp;&nbsp; <\/p>\n\n\n\n<p>Flavia slou\u017eila v c\u00f3rdobsk\u00e9 zoologick\u00e9 zahrad\u011b, kde \u017eila od sv\u00fdch t\u0159\u00ed let, jako uk\u00e1zka slona indick\u00e9ho. Jej\u00ed \u00famrt\u00ed z minul\u00e9ho t\u00fddne zoo ozn\u00e1mila \u201es velk\u00fdm z\u00e1rmutkem\u201c. Zdravotn\u00ed stav zv\u00ed\u0159ete se b\u011bhem posledn\u00edho p\u016flroku zhor\u0161oval. Slonice \u00fadajn\u011b trp\u011bla i depresemi. Zoo ji cht\u011bla ve spolupr\u00e1ci s organizac\u00ed proti t\u00fdr\u00e1n\u00ed zv\u00ed\u0159at PACMA p\u0159em\u00edstit na jin\u00e9 m\u00edsto, kde by se jej\u00ed pocit pohody mohl zlep\u0161it. Organizace ale konstatovala, \u017ee Flavia \u017eila p\u0159\u00edli\u0161 dlouho v zajet\u00ed a osam\u011bn\u00ed a odm\u00edtala spole\u010dnost jin\u00fdch slon\u016f. Amparo Pernichi, radn\u00ed odpov\u011bdn\u00fd za ot\u00e1zky \u017eivotn\u00edho prost\u0159ed\u00ed, \u0159ekl na tiskov\u00e9 konferenci, \u017ee Flavia u\u017e nedok\u00e1zala st\u00e1t na vlastn\u00edch nohou a byla utracena. Slonici ozna\u010dil za \u201eikonu\u201c m\u011bsta a dodal, \u017ee jej\u00ed smrt je zvl\u00e1\u0161\u0165 smutn\u00e1 pro ty, kte\u0159\u00ed se o ni po cel\u00fd jej\u00ed \u017eivot starali a pe\u010dovali o ni v jej\u00edch posledn\u00edch chv\u00edl\u00edch. Zdravotn\u00ed stav slonice se v posledn\u00ed dob\u011b zhor\u0161il natolik, \u017ee utracen\u00ed bylo jedinou mo\u017enost\u00ed.    Zdravotn\u00ed stav slonice se v posledn\u00ed dob\u011b zhor\u0161il natolik, \u017ee utracen\u00ed bylo jedinou mo\u017enost\u00ed.&nbsp;<\/p>\n\n\n\n<p> PACMA c\u00f3rdobskou zoologickou zahradu vyzvala, aby nep\u0159ij\u00edmala \u017e\u00e1dn\u00e1 dal\u0161\u00ed zv\u00ed\u0159ata a aby ta, kter\u00e1 u\u017e \u017eij\u00ed v tamn\u00edm zajet\u00ed, nebyla rozmno\u017eov\u00e1na. \u201eCel\u00e9 ty roky byla (Flavia) sama a v zajet\u00ed v zoo v C\u00f3rdob\u011b,\u201c upozornila \u0161\u00e9fka PACMA Silvia Barquerov\u00e1. \u201eDouf\u00e1me, \u017ee \u017e\u00e1dn\u00e9 zv\u00ed\u0159e t\u00edm nebude muset op\u011bt proj\u00edt,\u201c dodala.&nbsp; <\/p>\n","protected":false},"excerpt":{"rendered":"<p>Proto\u017ee celkem \u010dasto \u0159e\u0161\u00edm s majiteli ot\u00e1zku, zda po\u0159\u00eddit mor\u010de samostatn\u011b nebo s par\u0165\u00e1kem, p\u0159id\u00e1v\u00e1m n\u00ed\u017ee \u010dl\u00e1ne\u010dek, kter\u00fd m\u011b zaujal p\u0159ed ned\u00e1vnem na webu. Ne\u017e&#8230;<\/p>\n","protected":false},"author":1,"featured_media":0,"comment_status":"open","ping_status":"open","sticky":false,"template":"","format":"standard","meta":{"footnotes":""},"categories":[2],"tags":[],"class_list":["post-5873","post","type-post","status-publish","format-standard","hentry","category-novinky"],"_links":{"self":[{"href":"https:\/\/carnea.cz\/index.php?rest_route=\/wp\/v2\/posts\/5873","targetHints":{"allow":["GET"]}}],"collection":[{"href":"https:\/\/carnea.cz\/index.php?rest_route=\/wp\/v2\/posts"}],"about":[{"href":"https:\/\/carnea.cz\/index.php?rest_route=\/wp\/v2\/types\/post"}],"author":[{"embeddable":true,"href":"https:\/\/carnea.cz\/index.php?rest_route=\/wp\/v2\/users\/1"}],"replies":[{"embeddable":true,"href":"https:\/\/carnea.cz\/index.php?rest_route=%2Fwp%2Fv2%2Fcomments&post=5873"}],"version-history":[{"count":12,"href":"https:\/\/carnea.cz\/index.php?rest_route=\/wp\/v2\/posts\/5873\/revisions"}],"predecessor-version":[{"id":5949,"href":"https:\/\/carnea.cz\/index.php?rest_route=\/wp\/v2\/posts\/5873\/revisions\/5949"}],"wp:attachment":[{"href":"https:\/\/carnea.cz\/index.php?rest_route=%2Fwp%2Fv2%2Fmedia&parent=5873"}],"wp:term":[{"taxonomy":"category","embeddable":true,"href":"https:\/\/carnea.cz\/index.php?rest_route=%2Fwp%2Fv2%2Fcategories&post=5873"},{"taxonomy":"post_tag","embeddable":true,"href":"https:\/\/carnea.cz\/index.php?rest_route=%2Fwp%2Fv2%2Ftags&post=5873"}],"curies":[{"name":"wp","href":"https:\/\/api.w.org\/{rel}","templated":true}]}}