{"id":5342,"date":"2018-07-31T12:00:44","date_gmt":"2018-07-31T12:00:44","guid":{"rendered":"http:\/\/carnea.cz\/?p=5342"},"modified":"2018-07-31T12:00:44","modified_gmt":"2018-07-31T12:00:44","slug":"horke-novinky","status":"publish","type":"post","link":"https:\/\/carnea.cz\/?p=5342","title":{"rendered":"Hork\u00e9 novinky!"},"content":{"rendered":"<p>Tak a proto\u017ee se mi aktualizovat nechce a nechce a nechce, komu by se taky v tomto hrozn\u00e9m po\u010das\u00ed cht\u011blo, tak se tady p\u0159ekon\u00e1v\u00e1m a n\u011bco m\u00e1lo nap\u00ed\u0161u. Dostala jsem\u00a0spoustu fotek z nov\u00fdch domov\u016f, v\u0161em majitel\u016fm d\u011bkuji jak za obr\u00e1zky, tak za info, jak se na\u0161im\u00a0odchovanc\u016fm da\u0159\u00ed, ale , nejsem\u00a0n\u011bjak ve stavu, kdy by se mi cht\u011blo fotky upravovat a\u00a0 vkl\u00e1dat na str\u00e1nky. Vzhledem k ot\u0159esn\u00e9mu po\u010das\u00ed m\u00e1m chv\u00edlemi pocit, \u017ee je z\u00e1zrak, \u017ee je\u0161t\u011b funguju :-\/.<\/p>\n<p>V prvn\u00ed \u0159ad\u011b chci ale napsata o zpackan\u00e9 rezervaci Mikiho, kter\u00e9ho z\u00e1jemci po pom\u011brn\u011b dlouh\u00e9 rezervaci prost\u011b odm\u00edtli. Celkem m\u011b to mrzelo a vlastn\u011b po\u0159\u00e1d mrz\u00ed, Miki je velmi kr\u00e1sn\u00fd \u010dokol\u00e1dov\u00fd otter a z\u00e1jemc\u016f o n\u011bj bylo n\u011bkolik, mohl se dostat k dosp\u011bl\u00e9mu samci jako kamar\u00e1d,\u00a0bohu\u017eel jsem vsadila na nespr\u00e1vnou kartu a dopadlo to tak, jak to dopadlo. Tak\u017ee pro Mikiho hled\u00e1me seri\u00f3zn\u00ed z\u00e1jemce ide\u00e1ln\u011b na mazl\u00ed\u010dka, by\u0165 co vid\u00edm na exteri\u00e9ru bylo by mo\u017en\u00e9 a z\u0159ejm\u011b i \u00fasp\u011b\u0161n\u00e9 ho zaregistrovat a vystavovat. I tak d\u00e1m p\u0159ednost um\u00edst\u011bn\u00ed do chovac\u00edch rukou :-).<\/p>\n\n\t\t\t<div id='gallery-5342-1' class='gallery gallery-5342'>\n\t\t\t\t<div class='gallery-row gallery-col-3 gallery-clear'>\n\t\t\t\t\t<figure class='gallery-item col-3'>\n\t\t\t\t\t\t<div class='gallery-icon '><a href='https:\/\/carnea.cz\/?attachment_id=5159'><img loading=\"lazy\" decoding=\"async\" width=\"640\" height=\"360\" src=\"https:\/\/carnea.cz\/wp-content\/uploads\/2018\/05\/Miki-1.jpg\" class=\"attachment-full size-full\" alt=\"\" srcset=\"https:\/\/carnea.cz\/wp-content\/uploads\/2018\/05\/Miki-1.jpg 640w, https:\/\/carnea.cz\/wp-content\/uploads\/2018\/05\/Miki-1-300x169.jpg 300w\" sizes=\"auto, (max-width: 640px) 100vw, 640px\" \/><\/a><\/div>\n\t\t\t\t\t<\/figure>\n\t\t\t\t\t<figure class='gallery-item col-3'>\n\t\t\t\t\t\t<div class='gallery-icon '><a href='https:\/\/carnea.cz\/?attachment_id=5160'><img loading=\"lazy\" decoding=\"async\" width=\"640\" height=\"360\" src=\"https:\/\/carnea.cz\/wp-content\/uploads\/2018\/05\/Miki-2.jpg\" class=\"attachment-full size-full\" alt=\"\" srcset=\"https:\/\/carnea.cz\/wp-content\/uploads\/2018\/05\/Miki-2.jpg 640w, https:\/\/carnea.cz\/wp-content\/uploads\/2018\/05\/Miki-2-300x169.jpg 300w\" sizes=\"auto, (max-width: 640px) 100vw, 640px\" \/><\/a><\/div>\n\t\t\t\t\t<\/figure>\n\t\t\t<\/div>\n\t\t\t<\/div><!-- .gallery -->\n\n<p>Za druh\u00e9 m\u00e1me doma nov\u00fd vrh :-). V tro\u0161ku netradi\u010dn\u00ed dob\u011b &#8211; koncem \u010dervence &#8211; porodila sv\u00e1 prvn\u00ed miminka Inka Cavia Carnea. Jej\u00ed vrh jsem odkl\u00e1dala, zd\u00e1la se mi st\u00e1le drobn\u00e1 &#8211; a ona mi nakonec p\u0159ivedla na sv\u011bt zdrav\u00e1 pater\u010d\u00e1tka! A to i v t\u011bchto o\u0161kliv\u00fdch vedrech. V\u0161ichni u\u017e vesele b\u011bhaj\u00ed\u00a0a zdvojn\u00e1sobili sv\u00e9 v\u00e1hy, tak\u017ee v srpnu bude na prodej n\u011bkolik miminek. V\u00edce informac\u00ed je v rubrice Narozen\u00e9 vrhy.<\/p>\n<p><img loading=\"lazy\" decoding=\"async\" class=\"aligncenter size-full wp-image-5325\" src=\"http:\/\/carnea.cz\/wp-content\/uploads\/2018\/07\/S-\u010dum\u00e1ky.jpg\" alt=\"\" width=\"3264\" height=\"1836\" srcset=\"https:\/\/carnea.cz\/wp-content\/uploads\/2018\/07\/S-\u010dum\u00e1ky.jpg 3264w, https:\/\/carnea.cz\/wp-content\/uploads\/2018\/07\/S-\u010dum\u00e1ky-300x169.jpg 300w, https:\/\/carnea.cz\/wp-content\/uploads\/2018\/07\/S-\u010dum\u00e1ky-768x432.jpg 768w, https:\/\/carnea.cz\/wp-content\/uploads\/2018\/07\/S-\u010dum\u00e1ky-1024x576.jpg 1024w\" sizes=\"auto, (max-width: 3264px) 100vw, 3264px\" \/><\/p>\n<p>Tak a je\u0161t\u011b jeden post\u0159eh &#8211; kdo m\u00e1 doma\u00a0jednoho mor\u010d\u00e1ka nebo p\u00e1re\u010dek, ten asi nijak v\u00fdrazn\u011b nic nepoc\u00edtil, ale j\u00e1 hl\u00e1s\u00edm, \u017ee m\u011b krom\u011b neust\u00e1vaj\u00edc\u00edch veder\u00a0ve velk\u00e9m tr\u00e1p\u00ed nedostatek kvalitn\u00ed \u010derstv\u00e9 tr\u00e1vy :-(. Zat\u00edm se sna\u017e\u00edm, je\u0161t\u011b sehnat jde, ale je u\u017e hodn\u011b vysu\u0161en\u00e1 a nekvalitn\u00ed a jsou m\u00edsta, kde u n\u00e1s neroste v\u016fbec nic.<\/p>\n\n\t\t\t<div id='gallery-5342-2' class='gallery gallery-5342'>\n\t\t\t\t<div class='gallery-row gallery-col-2 gallery-clear'>\n\t\t\t\t\t<figure class='gallery-item col-2'>\n\t\t\t\t\t\t<div class='gallery-icon '><a href='https:\/\/carnea.cz\/?attachment_id=5343'><img loading=\"lazy\" decoding=\"async\" width=\"640\" height=\"360\" src=\"https:\/\/carnea.cz\/wp-content\/uploads\/2018\/07\/tr\u00e1va-1.jpg\" class=\"attachment-full size-full\" alt=\"\" srcset=\"https:\/\/carnea.cz\/wp-content\/uploads\/2018\/07\/tr\u00e1va-1.jpg 640w, https:\/\/carnea.cz\/wp-content\/uploads\/2018\/07\/tr\u00e1va-1-300x169.jpg 300w\" sizes=\"auto, (max-width: 640px) 100vw, 640px\" \/><\/a><\/div>\n\t\t\t\t\t<\/figure>\n\t\t\t\t\t<figure class='gallery-item col-2'>\n\t\t\t\t\t\t<div class='gallery-icon '><a href='https:\/\/carnea.cz\/?attachment_id=5344'><img loading=\"lazy\" decoding=\"async\" width=\"640\" height=\"360\" src=\"https:\/\/carnea.cz\/wp-content\/uploads\/2018\/07\/tr\u00e1va-2.jpg\" class=\"attachment-full size-full\" alt=\"\" srcset=\"https:\/\/carnea.cz\/wp-content\/uploads\/2018\/07\/tr\u00e1va-2.jpg 640w, https:\/\/carnea.cz\/wp-content\/uploads\/2018\/07\/tr\u00e1va-2-300x169.jpg 300w\" sizes=\"auto, (max-width: 640px) 100vw, 640px\" \/><\/a><\/div>\n\t\t\t\t\t<\/figure>\n\t\t\t\t<\/div>\n\t\t\t<\/div><!-- .gallery -->\n\n\n\t\t\t<div id='gallery-5342-3' class='gallery gallery-5342'>\n\t\t\t\t<div class='gallery-row gallery-col-2 gallery-clear'>\n\t\t\t\t\t<figure class='gallery-item col-2'>\n\t\t\t\t\t\t<div class='gallery-icon '><a href='https:\/\/carnea.cz\/?attachment_id=5345'><img loading=\"lazy\" decoding=\"async\" width=\"640\" height=\"360\" src=\"https:\/\/carnea.cz\/wp-content\/uploads\/2018\/07\/tr\u00e1va-3.jpg\" class=\"attachment-full size-full\" alt=\"\" srcset=\"https:\/\/carnea.cz\/wp-content\/uploads\/2018\/07\/tr\u00e1va-3.jpg 640w, https:\/\/carnea.cz\/wp-content\/uploads\/2018\/07\/tr\u00e1va-3-300x169.jpg 300w\" sizes=\"auto, (max-width: 640px) 100vw, 640px\" \/><\/a><\/div>\n\t\t\t\t\t<\/figure>\n\t\t\t\t\t<figure class='gallery-item col-2'>\n\t\t\t\t\t\t<div class='gallery-icon '><a href='https:\/\/carnea.cz\/?attachment_id=5346'><img loading=\"lazy\" decoding=\"async\" width=\"640\" height=\"360\" src=\"https:\/\/carnea.cz\/wp-content\/uploads\/2018\/07\/tr\u00e1va-4.jpg\" class=\"attachment-full size-full\" alt=\"\" srcset=\"https:\/\/carnea.cz\/wp-content\/uploads\/2018\/07\/tr\u00e1va-4.jpg 640w, https:\/\/carnea.cz\/wp-content\/uploads\/2018\/07\/tr\u00e1va-4-300x169.jpg 300w\" sizes=\"auto, (max-width: 640px) 100vw, 640px\" \/><\/a><\/div>\n\t\t\t\t\t<\/figure>\n\t\t\t\t<\/div>\n\t\t\t<\/div><!-- .gallery -->\n\n<p>Takto n\u011bjak to vypad\u00e1 4-6 t\u00fddn\u016f po 1. se\u010di na louk\u00e1ch nad n\u00e1mi, odkud mor\u010dat\u016fm p\u0159in\u00e1\u0161\u00edm tr\u00e1vu. Slunkem sp\u00e1len\u00e9, z v\u011bt\u0161iny nepou\u017eiteln\u00e9 plochy :-(.<\/p>\n<p><img loading=\"lazy\" decoding=\"async\" class=\"aligncenter size-full wp-image-5347\" src=\"http:\/\/carnea.cz\/wp-content\/uploads\/2018\/07\/tr\u00e1va-5.jpg\" alt=\"\" width=\"640\" height=\"360\" srcset=\"https:\/\/carnea.cz\/wp-content\/uploads\/2018\/07\/tr\u00e1va-5.jpg 640w, https:\/\/carnea.cz\/wp-content\/uploads\/2018\/07\/tr\u00e1va-5-300x169.jpg 300w\" sizes=\"auto, (max-width: 640px) 100vw, 640px\" \/>A takto p\u0159\u00edmo u n\u00e1s na zahrad\u011b, kde se ob\u010das pasou. Ven u\u017e je d\u00e1v\u00e1m jen brzy r\u00e1no a nebo pozd\u011b nave\u010der, v jinou dobu je to sp\u00ed\u0161e pro zlost. Kdo dob\u0159e vid\u00ed, ano, na tr\u00e1v\u011b jsou mor\u010dec\u00ed bobky :-), ono to vlastn\u011b ani nen\u00ed legra\u010dn\u00ed, proto\u017ee le\u017e\u00ed na zahrad\u011b u\u017e n\u011bkolik t\u00fddn\u016f, mo\u017en\u00e1 m\u011bs\u00edc\u016f a v\u016fbec se nerozpadaj\u00ed, proto\u017ee prost\u011b v tom suchu nic takov\u00e9ho nelze.<\/p>\n<p>Trochu se boj\u00edm, \u017ee nedostatek tr\u00e1vy se prom\u00edtne do kondice zv\u00ed\u0159at, co\u017e je probl\u00e9m samoz\u0159ejm\u011b nejv\u00edce u chovn\u00fdch. Dokrmuji zeleninou, ale tr\u00e1va je prost\u011b tr\u00e1va. Z pohledu mor\u010dat je prost\u011b l\u00e9to 2018 dost nep\u0159\u00edzniv\u00e9 :-(.<\/p>\n","protected":false},"excerpt":{"rendered":"<p>Tak a proto\u017ee se mi aktualizovat nechce a nechce a nechce, komu by se taky v tomto hrozn\u00e9m po\u010das\u00ed cht\u011blo, tak se tady p\u0159ekon\u00e1v\u00e1m a&#8230;<\/p>\n","protected":false},"author":1,"featured_media":0,"comment_status":"open","ping_status":"open","sticky":false,"template":"","format":"standard","meta":{"footnotes":""},"categories":[2],"tags":[],"class_list":["post-5342","post","type-post","status-publish","format-standard","hentry","category-novinky"],"_links":{"self":[{"href":"https:\/\/carnea.cz\/index.php?rest_route=\/wp\/v2\/posts\/5342","targetHints":{"allow":["GET"]}}],"collection":[{"href":"https:\/\/carnea.cz\/index.php?rest_route=\/wp\/v2\/posts"}],"about":[{"href":"https:\/\/carnea.cz\/index.php?rest_route=\/wp\/v2\/types\/post"}],"author":[{"embeddable":true,"href":"https:\/\/carnea.cz\/index.php?rest_route=\/wp\/v2\/users\/1"}],"replies":[{"embeddable":true,"href":"https:\/\/carnea.cz\/index.php?rest_route=%2Fwp%2Fv2%2Fcomments&post=5342"}],"version-history":[{"count":1,"href":"https:\/\/carnea.cz\/index.php?rest_route=\/wp\/v2\/posts\/5342\/revisions"}],"predecessor-version":[{"id":5348,"href":"https:\/\/carnea.cz\/index.php?rest_route=\/wp\/v2\/posts\/5342\/revisions\/5348"}],"wp:attachment":[{"href":"https:\/\/carnea.cz\/index.php?rest_route=%2Fwp%2Fv2%2Fmedia&parent=5342"}],"wp:term":[{"taxonomy":"category","embeddable":true,"href":"https:\/\/carnea.cz\/index.php?rest_route=%2Fwp%2Fv2%2Fcategories&post=5342"},{"taxonomy":"post_tag","embeddable":true,"href":"https:\/\/carnea.cz\/index.php?rest_route=%2Fwp%2Fv2%2Ftags&post=5342"}],"curies":[{"name":"wp","href":"https:\/\/api.w.org\/{rel}","templated":true}]}}