{"id":5280,"date":"2018-06-13T11:30:53","date_gmt":"2018-06-13T11:30:53","guid":{"rendered":"http:\/\/carnea.cz\/?p=5280"},"modified":"2018-06-13T11:34:44","modified_gmt":"2018-06-13T11:34:44","slug":"vrh","status":"publish","type":"post","link":"https:\/\/carnea.cz\/?p=5280","title":{"rendered":"Vrh O10"},"content":{"rendered":"<p>Dne 25.5. 2018 se mamince Veronica Cavia Carnea a tat\u00ednkovi Sebastian Cavia Carnea narodil vrh N10. M\u00e1me \u010dty\u0159i klu\u010d\u00edky a p\u0159\u00edroda se tady vy\u0159\u00e1dila v barv\u00e1ch. Co klu\u010d\u00edk, to origin\u00e1l, nav\u00edc 3 brat\u0159\u00edci ze \u010dty\u0159 maj\u00ed na b\u0159\u00ed\u0161ku zvl\u00e1\u0161tn\u00ed b\u00edl\u00e9 mel\u00edrov\u00e1n\u00ed &#8211; po p\u016fvodu se p\u00e1tr\u00e1, proto\u017ee tak n\u011bjak nen\u00ed \u00fapln\u011b jasn\u00e9, kde se to tam vzalo :-). Tak\u017ee m\u00e1me tan \u010dern\u00e9ho klu\u010d\u00edka s b\u00edle mel\u00edrovan\u00fdm b\u0159\u00ed\u0161kem, tan \u010dokol\u00e1dov\u00e9ho klu\u010d\u00edka s b\u00edle mel\u00edrovan\u00fdm b\u0159\u00ed\u0161kem, \u010derno\u010derven\u00e9ho tygrovan\u00e9ho brindla s b\u00edle mel\u00edrovan\u00fdm b\u0159\u00ed\u0161kem a aguti oran\u017eov\u00e9ho s oran\u017eovou &#8211; tentokr\u00e1te s b\u0159\u00ed\u0161kem zcela oby\u010dejn\u00fdm :-). Kluci jsou tro\u0161i\u010dku drobn\u011bj\u0161\u00ed, ale ba\u0161t\u00ed p\u011bkn\u011b a m\u00e1ma se star\u00e1, tak\u017ee je to jen o trp\u011blivosti :-).<\/p>\n<p>Tak a dops\u00e1no pozd\u011bji:<\/p>\n<p>ty b\u00edl\u00e9 chlupy na b\u0159\u00ed\u0161k\u00e1ch, co mi tak le\u017eely v hlav\u011b,\u00a0hrd\u011b oznamuj\u00ed, \u017ee kluci jsou s velkou pravd\u011bpodobnost\u00ed \u0161iml\u00edci &#8211; je to sice s podivem, ale v praprap\u0159edc\u00edch kdysi \u0161iml\u00edk figuroval a p\u011bkn\u011b potichou\u010dku a nen\u00e1padn\u011b se dok\u00e1zal p\u011bkn\u011b skryt\u011b prot\u00e1hnout a\u017e sem. A tady se v\u0161echno provalilo. Nezb\u00fdv\u00e1 ne\u017e napsat, \u017ee a\u010d vrhy prohl\u00ed\u017e\u00edm dost pe\u010dliv\u011b, tak jak vidno i dost pe\u010dliv\u011b je m\u00e1lo a m\u011bn\u00edm prohl\u00ed\u017een\u00ed na dost p\u0159epe\u010dliv\u011b :-).<\/p>\n\n\t\t\t<div id='gallery-5280-1' class='gallery gallery-5280'>\n\t\t\t\t<div class='gallery-row gallery-col-3 gallery-clear'>\n\t\t\t\t\t<figure class='gallery-item col-3'>\n\t\t\t\t\t\t<div class='gallery-icon '><a href='https:\/\/carnea.cz\/?attachment_id=5222'><img loading=\"lazy\" decoding=\"async\" width=\"640\" height=\"360\" src=\"https:\/\/carnea.cz\/wp-content\/uploads\/2018\/06\/O-s-m\u00e1mou.jpg\" class=\"attachment-full size-full\" alt=\"\" srcset=\"https:\/\/carnea.cz\/wp-content\/uploads\/2018\/06\/O-s-m\u00e1mou.jpg 640w, https:\/\/carnea.cz\/wp-content\/uploads\/2018\/06\/O-s-m\u00e1mou-300x169.jpg 300w\" sizes=\"auto, (max-width: 640px) 100vw, 640px\" \/><\/a><\/div>\n\t\t\t\t\t<\/figure>\n\t\t\t\t\t<figure class='gallery-item col-3'>\n\t\t\t\t\t\t<div class='gallery-icon '><a href='https:\/\/carnea.cz\/?attachment_id=5219'><img loading=\"lazy\" decoding=\"async\" width=\"640\" height=\"360\" src=\"https:\/\/carnea.cz\/wp-content\/uploads\/2018\/06\/O-\u010dum\u00e1ky.jpg\" class=\"attachment-full size-full\" alt=\"\" srcset=\"https:\/\/carnea.cz\/wp-content\/uploads\/2018\/06\/O-\u010dum\u00e1ky.jpg 640w, https:\/\/carnea.cz\/wp-content\/uploads\/2018\/06\/O-\u010dum\u00e1ky-300x169.jpg 300w\" sizes=\"auto, (max-width: 640px) 100vw, 640px\" \/><\/a><\/div>\n\t\t\t\t\t<\/figure>\n\t\t\t\t\t<figure class='gallery-item col-3'>\n\t\t\t\t\t\t<div class='gallery-icon '><a href='https:\/\/carnea.cz\/?attachment_id=5220'><img loading=\"lazy\" decoding=\"async\" width=\"640\" height=\"360\" src=\"https:\/\/carnea.cz\/wp-content\/uploads\/2018\/06\/O-letecky.jpg\" class=\"attachment-full size-full\" alt=\"\" srcset=\"https:\/\/carnea.cz\/wp-content\/uploads\/2018\/06\/O-letecky.jpg 640w, https:\/\/carnea.cz\/wp-content\/uploads\/2018\/06\/O-letecky-300x169.jpg 300w\" sizes=\"auto, (max-width: 640px) 100vw, 640px\" \/><\/a><\/div>\n\t\t\t\t\t<\/figure>\n\t\t\t\t<\/div>\n\t\t\t\t<div class='gallery-row gallery-col-3 gallery-clear'>\n\t\t\t\t\t<figure class='gallery-item col-3'>\n\t\t\t\t\t\t<div class='gallery-icon '><a href='https:\/\/carnea.cz\/?attachment_id=5221'><img loading=\"lazy\" decoding=\"async\" width=\"640\" height=\"360\" src=\"https:\/\/carnea.cz\/wp-content\/uploads\/2018\/06\/O-prdky.jpg\" class=\"attachment-full size-full\" alt=\"\" srcset=\"https:\/\/carnea.cz\/wp-content\/uploads\/2018\/06\/O-prdky.jpg 640w, https:\/\/carnea.cz\/wp-content\/uploads\/2018\/06\/O-prdky-300x169.jpg 300w\" sizes=\"auto, (max-width: 640px) 100vw, 640px\" \/><\/a><\/div>\n\t\t\t\t\t<\/figure>\n\t\t\t\t\t<figure class='gallery-item col-3'>\n\t\t\t\t\t\t<div class='gallery-icon '><a href='https:\/\/carnea.cz\/?attachment_id=5223'><img loading=\"lazy\" decoding=\"async\" width=\"640\" height=\"360\" src=\"https:\/\/carnea.cz\/wp-content\/uploads\/2018\/06\/Olaf-1.jpg\" class=\"attachment-full size-full\" alt=\"\" srcset=\"https:\/\/carnea.cz\/wp-content\/uploads\/2018\/06\/Olaf-1.jpg 640w, https:\/\/carnea.cz\/wp-content\/uploads\/2018\/06\/Olaf-1-300x169.jpg 300w\" sizes=\"auto, (max-width: 640px) 100vw, 640px\" \/><\/a><\/div>\n\t\t\t\t\t<\/figure>\n\t\t\t\t\t<figure class='gallery-item col-3'>\n\t\t\t\t\t\t<div class='gallery-icon '><a href='https:\/\/carnea.cz\/?attachment_id=5224'><img loading=\"lazy\" decoding=\"async\" width=\"640\" height=\"360\" src=\"https:\/\/carnea.cz\/wp-content\/uploads\/2018\/06\/Olaf-2.jpg\" class=\"attachment-full size-full\" alt=\"\" srcset=\"https:\/\/carnea.cz\/wp-content\/uploads\/2018\/06\/Olaf-2.jpg 640w, https:\/\/carnea.cz\/wp-content\/uploads\/2018\/06\/Olaf-2-300x169.jpg 300w\" sizes=\"auto, (max-width: 640px) 100vw, 640px\" \/><\/a><\/div>\n\t\t\t\t\t<\/figure>\n\t\t\t\t<\/div>\n\t\t\t\t<div class='gallery-row gallery-col-3 gallery-clear'>\n\t\t\t\t\t<figure class='gallery-item col-3'>\n\t\t\t\t\t\t<div class='gallery-icon '><a href='https:\/\/carnea.cz\/?attachment_id=5225'><img loading=\"lazy\" decoding=\"async\" width=\"360\" height=\"640\" src=\"https:\/\/carnea.cz\/wp-content\/uploads\/2018\/06\/Olaf-3.jpg\" class=\"attachment-full size-full\" alt=\"\" srcset=\"https:\/\/carnea.cz\/wp-content\/uploads\/2018\/06\/Olaf-3.jpg 360w, https:\/\/carnea.cz\/wp-content\/uploads\/2018\/06\/Olaf-3-169x300.jpg 169w\" sizes=\"auto, (max-width: 360px) 100vw, 360px\" \/><\/a><\/div>\n\t\t\t\t\t<\/figure>\n\t\t\t\t\t<figure class='gallery-item col-3'>\n\t\t\t\t\t\t<div class='gallery-icon '><a href='https:\/\/carnea.cz\/?attachment_id=5226'><img loading=\"lazy\" decoding=\"async\" width=\"640\" height=\"360\" src=\"https:\/\/carnea.cz\/wp-content\/uploads\/2018\/06\/O\u0159\u00ed\u0161ek-1.jpg\" class=\"attachment-full size-full\" alt=\"\" srcset=\"https:\/\/carnea.cz\/wp-content\/uploads\/2018\/06\/O\u0159\u00ed\u0161ek-1.jpg 640w, https:\/\/carnea.cz\/wp-content\/uploads\/2018\/06\/O\u0159\u00ed\u0161ek-1-300x169.jpg 300w\" sizes=\"auto, (max-width: 640px) 100vw, 640px\" \/><\/a><\/div>\n\t\t\t\t\t<\/figure>\n\t\t\t\t\t<figure class='gallery-item col-3'>\n\t\t\t\t\t\t<div class='gallery-icon '><a href='https:\/\/carnea.cz\/?attachment_id=5227'><img loading=\"lazy\" decoding=\"async\" width=\"640\" height=\"360\" src=\"https:\/\/carnea.cz\/wp-content\/uploads\/2018\/06\/O\u0159\u00ed\u0161ek-2.jpg\" class=\"attachment-full size-full\" alt=\"\" srcset=\"https:\/\/carnea.cz\/wp-content\/uploads\/2018\/06\/O\u0159\u00ed\u0161ek-2.jpg 640w, https:\/\/carnea.cz\/wp-content\/uploads\/2018\/06\/O\u0159\u00ed\u0161ek-2-300x169.jpg 300w\" sizes=\"auto, (max-width: 640px) 100vw, 640px\" \/><\/a><\/div>\n\t\t\t\t\t<\/figure>\n\t\t\t\t<\/div>\n\t\t\t\t<div class='gallery-row gallery-col-3 gallery-clear'>\n\t\t\t\t\t<figure class='gallery-item col-3'>\n\t\t\t\t\t\t<div class='gallery-icon '><a href='https:\/\/carnea.cz\/?attachment_id=5228'><img loading=\"lazy\" decoding=\"async\" width=\"360\" height=\"640\" src=\"https:\/\/carnea.cz\/wp-content\/uploads\/2018\/06\/O\u0159\u00ed\u0161ek-3.jpg\" class=\"attachment-full size-full\" alt=\"\" srcset=\"https:\/\/carnea.cz\/wp-content\/uploads\/2018\/06\/O\u0159\u00ed\u0161ek-3.jpg 360w, https:\/\/carnea.cz\/wp-content\/uploads\/2018\/06\/O\u0159\u00ed\u0161ek-3-169x300.jpg 169w\" sizes=\"auto, (max-width: 360px) 100vw, 360px\" \/><\/a><\/div>\n\t\t\t\t\t<\/figure>\n\t\t\t\t\t<figure class='gallery-item col-3'>\n\t\t\t\t\t\t<div class='gallery-icon '><a href='https:\/\/carnea.cz\/?attachment_id=5229'><img loading=\"lazy\" decoding=\"async\" width=\"640\" height=\"360\" src=\"https:\/\/carnea.cz\/wp-content\/uploads\/2018\/06\/Oskar-1.jpg\" class=\"attachment-full size-full\" alt=\"\" srcset=\"https:\/\/carnea.cz\/wp-content\/uploads\/2018\/06\/Oskar-1.jpg 640w, https:\/\/carnea.cz\/wp-content\/uploads\/2018\/06\/Oskar-1-300x169.jpg 300w\" sizes=\"auto, (max-width: 640px) 100vw, 640px\" \/><\/a><\/div>\n\t\t\t\t\t<\/figure>\n\t\t\t\t\t<figure class='gallery-item col-3'>\n\t\t\t\t\t\t<div class='gallery-icon '><a href='https:\/\/carnea.cz\/?attachment_id=5230'><img loading=\"lazy\" decoding=\"async\" width=\"640\" height=\"360\" src=\"https:\/\/carnea.cz\/wp-content\/uploads\/2018\/06\/Oskar-2.jpg\" class=\"attachment-full size-full\" alt=\"\" srcset=\"https:\/\/carnea.cz\/wp-content\/uploads\/2018\/06\/Oskar-2.jpg 640w, https:\/\/carnea.cz\/wp-content\/uploads\/2018\/06\/Oskar-2-300x169.jpg 300w\" sizes=\"auto, (max-width: 640px) 100vw, 640px\" \/><\/a><\/div>\n\t\t\t\t\t<\/figure>\n\t\t\t\t<\/div>\n\t\t\t\t<div class='gallery-row gallery-col-3 gallery-clear'>\n\t\t\t\t\t<figure class='gallery-item col-3'>\n\t\t\t\t\t\t<div class='gallery-icon '><a href='https:\/\/carnea.cz\/?attachment_id=5231'><img loading=\"lazy\" decoding=\"async\" width=\"360\" height=\"640\" src=\"https:\/\/carnea.cz\/wp-content\/uploads\/2018\/06\/Oskar-3.jpg\" class=\"attachment-full size-full\" alt=\"\" srcset=\"https:\/\/carnea.cz\/wp-content\/uploads\/2018\/06\/Oskar-3.jpg 360w, https:\/\/carnea.cz\/wp-content\/uploads\/2018\/06\/Oskar-3-169x300.jpg 169w\" sizes=\"auto, (max-width: 360px) 100vw, 360px\" \/><\/a><\/div>\n\t\t\t\t\t<\/figure>\n\t\t\t\t\t<figure class='gallery-item col-3'>\n\t\t\t\t\t\t<div class='gallery-icon '><a href='https:\/\/carnea.cz\/?attachment_id=5232'><img loading=\"lazy\" decoding=\"async\" width=\"640\" height=\"360\" src=\"https:\/\/carnea.cz\/wp-content\/uploads\/2018\/06\/Ot\u00edk-1.jpg\" class=\"attachment-full size-full\" alt=\"\" srcset=\"https:\/\/carnea.cz\/wp-content\/uploads\/2018\/06\/Ot\u00edk-1.jpg 640w, https:\/\/carnea.cz\/wp-content\/uploads\/2018\/06\/Ot\u00edk-1-300x169.jpg 300w\" sizes=\"auto, (max-width: 640px) 100vw, 640px\" \/><\/a><\/div>\n\t\t\t\t\t<\/figure>\n\t\t\t\t\t<figure class='gallery-item col-3'>\n\t\t\t\t\t\t<div class='gallery-icon '><a href='https:\/\/carnea.cz\/?attachment_id=5233'><img loading=\"lazy\" decoding=\"async\" width=\"640\" height=\"360\" src=\"https:\/\/carnea.cz\/wp-content\/uploads\/2018\/06\/Ot\u00edk-2.jpg\" class=\"attachment-full size-full\" alt=\"\" srcset=\"https:\/\/carnea.cz\/wp-content\/uploads\/2018\/06\/Ot\u00edk-2.jpg 640w, https:\/\/carnea.cz\/wp-content\/uploads\/2018\/06\/Ot\u00edk-2-300x169.jpg 300w\" sizes=\"auto, (max-width: 640px) 100vw, 640px\" \/><\/a><\/div>\n\t\t\t\t\t<\/figure>\n\t\t\t\t<\/div>\n\t\t\t<\/div><!-- .gallery -->\n\n","protected":false},"excerpt":{"rendered":"<p>Dne 25.5. 2018 se mamince Veronica Cavia Carnea a tat\u00ednkovi Sebastian Cavia Carnea narodil vrh N10. M\u00e1me \u010dty\u0159i klu\u010d\u00edky a p\u0159\u00edroda se tady vy\u0159\u00e1dila v&#8230;<\/p>\n","protected":false},"author":1,"featured_media":5222,"comment_status":"open","ping_status":"open","sticky":false,"template":"","format":"standard","meta":{"footnotes":""},"categories":[23],"tags":[],"class_list":["post-5280","post","type-post","status-publish","format-standard","has-post-thumbnail","hentry","category-narozene-vrhy"],"_links":{"self":[{"href":"https:\/\/carnea.cz\/index.php?rest_route=\/wp\/v2\/posts\/5280","targetHints":{"allow":["GET"]}}],"collection":[{"href":"https:\/\/carnea.cz\/index.php?rest_route=\/wp\/v2\/posts"}],"about":[{"href":"https:\/\/carnea.cz\/index.php?rest_route=\/wp\/v2\/types\/post"}],"author":[{"embeddable":true,"href":"https:\/\/carnea.cz\/index.php?rest_route=\/wp\/v2\/users\/1"}],"replies":[{"embeddable":true,"href":"https:\/\/carnea.cz\/index.php?rest_route=%2Fwp%2Fv2%2Fcomments&post=5280"}],"version-history":[{"count":2,"href":"https:\/\/carnea.cz\/index.php?rest_route=\/wp\/v2\/posts\/5280\/revisions"}],"predecessor-version":[{"id":5282,"href":"https:\/\/carnea.cz\/index.php?rest_route=\/wp\/v2\/posts\/5280\/revisions\/5282"}],"wp:featuredmedia":[{"embeddable":true,"href":"https:\/\/carnea.cz\/index.php?rest_route=\/wp\/v2\/media\/5222"}],"wp:attachment":[{"href":"https:\/\/carnea.cz\/index.php?rest_route=%2Fwp%2Fv2%2Fmedia&parent=5280"}],"wp:term":[{"taxonomy":"category","embeddable":true,"href":"https:\/\/carnea.cz\/index.php?rest_route=%2Fwp%2Fv2%2Fcategories&post=5280"},{"taxonomy":"post_tag","embeddable":true,"href":"https:\/\/carnea.cz\/index.php?rest_route=%2Fwp%2Fv2%2Ftags&post=5280"}],"curies":[{"name":"wp","href":"https:\/\/api.w.org\/{rel}","templated":true}]}}