{"id":5268,"date":"2018-06-08T08:57:06","date_gmt":"2018-06-08T08:57:06","guid":{"rendered":"http:\/\/carnea.cz\/?p=5268"},"modified":"2018-06-08T08:57:54","modified_gmt":"2018-06-08T08:57:54","slug":"teplo-teplo-teplo","status":"publish","type":"post","link":"https:\/\/carnea.cz\/?p=5268","title":{"rendered":"Teplo teplo teplo!"},"content":{"rendered":"<p>Tak a proto\u017ee u\u017e jsem dlouho neaktualizovala, ud\u011bl\u00e1m to rad\u0161i hned te\u010f. Novinek m\u00e1m op\u011bt docela dost, nejv\u011bt\u0161\u00ed a nejt\u011b\u017e\u0161\u00ed i kdy\u017e asi nejm\u00e9n\u011b zaj\u00edmavou novinkou je, \u017ee m\u00e1me na p\u016fd\u011b prvn\u00ed 2 metr\u00e1ky kr\u00e1sn\u00e9ho zelen\u00e9ho ru\u010dn\u011b su\u0161en\u00e9ho a kupkovan\u00e9ho sena :-). No ba\u0161tit se mus\u00ed a a\u0165 kupuju, kde kupuju, tak to dom\u00e1c\u00ed je jednozna\u010dn\u011b nejlep\u0161\u00ed. Uvid\u00edme, jak to bude s dal\u0161\u00ed se\u010d\u00ed, tr\u00e1p\u00ed n\u00e1s obrovsk\u00e9 sucho a vedro, po okol\u00ed prob\u011bhl n\u011bkolikr\u00e1t p\u0159\u00edvalov\u00fd de\u0161t\u00edk nebo bou\u0159ka, i kroupy n\u00e1m sk\u00e1kaly v pr\u00e1ci \u00a0do kancel\u00e1\u0159e, ale Povrl\u016fm se to n\u011bjak vyh\u00fdb\u00e1, u\u017e si tady zouf\u00e1m, \u017ee tr\u00e1va je seno nastojato a mor\u010data j\u00ed moc necht\u011bj\u00ed a za\u010dala jsem jim zase ve v\u011bt\u0161\u00edm kupovat zeleninu jak v zim\u011b :-\/. Myslete na n\u00e1s, aby tady kone\u010dn\u011b taky sprchlo. <img loading=\"lazy\" decoding=\"async\" class=\"aligncenter wp-image-5269 size-featured-thumbnail\" src=\"http:\/\/carnea.cz\/wp-content\/uploads\/2018\/06\/IMG-20180603-WA0000-750x380.jpg\" alt=\"\" width=\"750\" height=\"380\" \/><img loading=\"lazy\" decoding=\"async\" class=\"aligncenter wp-image-5270 size-featured-thumbnail\" src=\"http:\/\/carnea.cz\/wp-content\/uploads\/2018\/06\/IMG-20180527-WA0006-750x380.jpeg\" alt=\"\" width=\"750\" height=\"380\" \/><\/p>\n<p>Tak a po kr\u00e1sn\u00fdch fotk\u00e1ch sena n\u011bco zaj\u00edmav\u011bj\u0161\u00edho :-). Sami\u010dky se samoz\u0159ejm\u011b \u010din\u00ed d\u00e1l a tak m\u00e1me n\u011bkolik dal\u0161\u00edch vrh\u016f &#8211; v\u0161e postupn\u011b zpracuji do pat\u0159i\u010dn\u00e9 rubriky podle jednotliv\u00fdch vrh\u016f\u00a0, ale vlastn\u00edm jen jednu hlavu a jedny ruce :-), tak pros\u00edm o strpen\u00ed &#8211; kdo si po\u010dk\u00e1, ten se do\u010dk\u00e1, kdo se nem\u016f\u017ee do\u010dkat, holt\u00a0mi mus\u00ed zavolat :-), n\u011bjak se domluv\u00edme. Tak alespo\u0148 prvn\u00ed fotky t\u011bch nov\u00fdch mal\u00fdch drobk\u016f:<\/p>\n<p><img loading=\"lazy\" decoding=\"async\" class=\"aligncenter size-full wp-image-5253\" src=\"http:\/\/carnea.cz\/wp-content\/uploads\/2018\/06\/Q-s-m\u00e1mou.jpg\" alt=\"\" width=\"640\" height=\"360\" srcset=\"https:\/\/carnea.cz\/wp-content\/uploads\/2018\/06\/Q-s-m\u00e1mou.jpg 640w, https:\/\/carnea.cz\/wp-content\/uploads\/2018\/06\/Q-s-m\u00e1mou-300x169.jpg 300w\" sizes=\"auto, (max-width: 640px) 100vw, 640px\" \/><\/p>\n<p><img loading=\"lazy\" decoding=\"async\" class=\"aligncenter size-full wp-image-5241\" src=\"http:\/\/carnea.cz\/wp-content\/uploads\/2018\/06\/P-s-m\u00e1mou.jpg\" alt=\"\" width=\"640\" height=\"360\" srcset=\"https:\/\/carnea.cz\/wp-content\/uploads\/2018\/06\/P-s-m\u00e1mou.jpg 640w, https:\/\/carnea.cz\/wp-content\/uploads\/2018\/06\/P-s-m\u00e1mou-300x169.jpg 300w\" sizes=\"auto, (max-width: 640px) 100vw, 640px\" \/><\/p>\n<p><img loading=\"lazy\" decoding=\"async\" class=\"aligncenter size-full wp-image-5222\" src=\"http:\/\/carnea.cz\/wp-content\/uploads\/2018\/06\/O-s-m\u00e1mou.jpg\" alt=\"\" width=\"640\" height=\"360\" srcset=\"https:\/\/carnea.cz\/wp-content\/uploads\/2018\/06\/O-s-m\u00e1mou.jpg 640w, https:\/\/carnea.cz\/wp-content\/uploads\/2018\/06\/O-s-m\u00e1mou-300x169.jpg 300w\" sizes=\"auto, (max-width: 640px) 100vw, 640px\" \/><\/p>\n","protected":false},"excerpt":{"rendered":"<p>Tak a proto\u017ee u\u017e jsem dlouho neaktualizovala, ud\u011bl\u00e1m to rad\u0161i hned te\u010f. Novinek m\u00e1m op\u011bt docela dost, nejv\u011bt\u0161\u00ed a nejt\u011b\u017e\u0161\u00ed i kdy\u017e asi nejm\u00e9n\u011b zaj\u00edmavou&#8230;<\/p>\n","protected":false},"author":1,"featured_media":0,"comment_status":"open","ping_status":"open","sticky":false,"template":"","format":"standard","meta":{"footnotes":""},"categories":[2],"tags":[],"class_list":["post-5268","post","type-post","status-publish","format-standard","hentry","category-novinky"],"_links":{"self":[{"href":"https:\/\/carnea.cz\/index.php?rest_route=\/wp\/v2\/posts\/5268","targetHints":{"allow":["GET"]}}],"collection":[{"href":"https:\/\/carnea.cz\/index.php?rest_route=\/wp\/v2\/posts"}],"about":[{"href":"https:\/\/carnea.cz\/index.php?rest_route=\/wp\/v2\/types\/post"}],"author":[{"embeddable":true,"href":"https:\/\/carnea.cz\/index.php?rest_route=\/wp\/v2\/users\/1"}],"replies":[{"embeddable":true,"href":"https:\/\/carnea.cz\/index.php?rest_route=%2Fwp%2Fv2%2Fcomments&post=5268"}],"version-history":[{"count":2,"href":"https:\/\/carnea.cz\/index.php?rest_route=\/wp\/v2\/posts\/5268\/revisions"}],"predecessor-version":[{"id":5273,"href":"https:\/\/carnea.cz\/index.php?rest_route=\/wp\/v2\/posts\/5268\/revisions\/5273"}],"wp:attachment":[{"href":"https:\/\/carnea.cz\/index.php?rest_route=%2Fwp%2Fv2%2Fmedia&parent=5268"}],"wp:term":[{"taxonomy":"category","embeddable":true,"href":"https:\/\/carnea.cz\/index.php?rest_route=%2Fwp%2Fv2%2Fcategories&post=5268"},{"taxonomy":"post_tag","embeddable":true,"href":"https:\/\/carnea.cz\/index.php?rest_route=%2Fwp%2Fv2%2Ftags&post=5268"}],"curies":[{"name":"wp","href":"https:\/\/api.w.org\/{rel}","templated":true}]}}