{"id":5170,"date":"2018-05-22T08:35:59","date_gmt":"2018-05-22T08:35:59","guid":{"rendered":"http:\/\/carnea.cz\/?p=5170"},"modified":"2018-05-22T08:35:59","modified_gmt":"2018-05-22T08:35:59","slug":"a-zase-neco-noveho-2","status":"publish","type":"post","link":"https:\/\/carnea.cz\/?p=5170","title":{"rendered":"A zase n\u011bco nov\u00e9ho!"},"content":{"rendered":"<p>\u010cas b\u011b\u017e\u00ed jako bl\u00e1zniv\u00fd :-)! A tak rychle p\u0159id\u00e1m p\u00e1r novinek nebo je ulo\u017e\u00edm n\u011bkde k ledu a u\u017e se sem ani nedostanou.<\/p>\n<p>Za\u010dnu takovou kolekc\u00ed sranda fotek, ne\u010dekejte nic z\u00e1va\u017en\u00e9ho :-).\u00a0P\u0159edminul\u00fd v\u00edkend jsme se vypravili na odpoledn\u00ed v\u00fdlet jen\u00a0tak poln\u00edmi a lesn\u00edmi cestami do\u00a0obc\u00ed nad n\u00e1mi a proch\u00e1zeli jsme mezi ohradami s kravkami v Ma\u0161ovic\u00edch a v\u00a0Mirkov\u011b. Kr\u00e1vy m\u011bly akor\u00e1t tel\u00e1tka, n\u011bkter\u00e1 byla \u00fapln\u011b \u010derstv\u00e1 a tak jsem nevydr\u017eela a p\u00e1r fotek si pro sebe ud\u011blala, by\u0165 tedy focen\u00ed proti slunku nen\u00ed \u00fapln\u011b ko\u0161er. A pak jsem doma zase blikla mor\u010d\u00e1ky a kdy\u017e jsem pak fotky z mobilu stahovala, musela jsem se sm\u00e1t.\u00a0 Aneb najdi 5 rozd\u00edl\u016f :-).<\/p>\n\n\t\t\t<div id='gallery-5170-1' class='gallery gallery-5170'>\n\t\t\t\t<div class='gallery-row gallery-col-2 gallery-clear'>\n\t\t\t\t\t<figure class='gallery-item col-2'>\n\t\t\t\t\t\t<div class='gallery-icon '><a href='https:\/\/carnea.cz\/?attachment_id=5172'><img loading=\"lazy\" decoding=\"async\" width=\"640\" height=\"360\" src=\"https:\/\/carnea.cz\/wp-content\/uploads\/2018\/05\/kravi\u010dky.jpg\" class=\"attachment-full size-full\" alt=\"\" srcset=\"https:\/\/carnea.cz\/wp-content\/uploads\/2018\/05\/kravi\u010dky.jpg 640w, https:\/\/carnea.cz\/wp-content\/uploads\/2018\/05\/kravi\u010dky-300x169.jpg 300w\" sizes=\"auto, (max-width: 640px) 100vw, 640px\" \/><\/a><\/div>\n\t\t\t\t\t<\/figure>\n\t\t\t\t\t<figure class='gallery-item col-2'>\n\t\t\t\t\t\t<div class='gallery-icon '><a href='https:\/\/carnea.cz\/?attachment_id=5173'><img loading=\"lazy\" decoding=\"async\" width=\"640\" height=\"360\" src=\"https:\/\/carnea.cz\/wp-content\/uploads\/2018\/05\/pasen\u00ed-1.jpg\" class=\"attachment-full size-full\" alt=\"\" srcset=\"https:\/\/carnea.cz\/wp-content\/uploads\/2018\/05\/pasen\u00ed-1.jpg 640w, https:\/\/carnea.cz\/wp-content\/uploads\/2018\/05\/pasen\u00ed-1-300x169.jpg 300w\" sizes=\"auto, (max-width: 640px) 100vw, 640px\" \/><\/a><\/div>\n\t\t\t\t\t<\/figure>\n\t\t\t\t<\/div>\n\t\t\t\t<div class='gallery-row gallery-col-2 gallery-clear'>\n\t\t\t\t\t<figure class='gallery-item col-2'>\n\t\t\t\t\t\t<div class='gallery-icon '><a href='https:\/\/carnea.cz\/?attachment_id=5174'><img loading=\"lazy\" decoding=\"async\" width=\"640\" height=\"360\" src=\"https:\/\/carnea.cz\/wp-content\/uploads\/2018\/05\/pasen\u00ed-2.jpg\" class=\"attachment-full size-full\" alt=\"\" srcset=\"https:\/\/carnea.cz\/wp-content\/uploads\/2018\/05\/pasen\u00ed-2.jpg 640w, https:\/\/carnea.cz\/wp-content\/uploads\/2018\/05\/pasen\u00ed-2-300x169.jpg 300w\" sizes=\"auto, (max-width: 640px) 100vw, 640px\" \/><\/a><\/div>\n\t\t\t\t\t<\/figure>\n\t\t\t\t\t<figure class='gallery-item col-2'>\n\t\t\t\t\t\t<div class='gallery-icon '><a href='https:\/\/carnea.cz\/?attachment_id=5175'><img loading=\"lazy\" decoding=\"async\" width=\"640\" height=\"360\" src=\"https:\/\/carnea.cz\/wp-content\/uploads\/2018\/05\/pasen\u00ed-3.jpg\" class=\"attachment-full size-full\" alt=\"\" srcset=\"https:\/\/carnea.cz\/wp-content\/uploads\/2018\/05\/pasen\u00ed-3.jpg 640w, https:\/\/carnea.cz\/wp-content\/uploads\/2018\/05\/pasen\u00ed-3-300x169.jpg 300w\" sizes=\"auto, (max-width: 640px) 100vw, 640px\" \/><\/a><\/div>\n\t\t\t\t\t<\/figure>\n\t\t\t\t<\/div>\n\t\t\t<\/div><!-- .gallery -->\n\n<p>Tak a tak\u00e9 jsem dostala \u00fapln\u011b n\u00e1dhernou kolekci fotek od pani\u010dky Belly a jej\u00ed kamar\u00e1dky z CHS Albis. A proto\u017ee st\u0159\u00edh\u00e1n\u00ed dr\u00e1pk\u016f je v\u011b\u010dn\u00e9 t\u00e9ma, tady doporu\u010duju obzvl\u00e1\u0161t\u011b dob\u0159e prohl\u00e9dnout posledn\u00ed fotku &#8211; no\u017ei\u010dky jsou b\u00e1je\u010dn\u011b vid\u011bt a sest\u0159ih je p\u0159\u00edmo dokonal\u00fd &#8211; \u00fapln\u00e1 mor\u010dec\u00ed francouzsk\u00e1 manik\u00fara :-).<\/p>\n\n\t\t\t<div id='gallery-5170-2' class='gallery gallery-5170'>\n\t\t\t\t<div class='gallery-row gallery-col-3 gallery-clear'>\n\t\t\t\t\t<figure class='gallery-item col-3'>\n\t\t\t\t\t\t<div class='gallery-icon '><a href='https:\/\/carnea.cz\/?attachment_id=5179'><img loading=\"lazy\" decoding=\"async\" width=\"1024\" height=\"768\" src=\"https:\/\/carnea.cz\/wp-content\/uploads\/2018\/05\/P1500240.jpg\" class=\"attachment-full size-full\" alt=\"\" srcset=\"https:\/\/carnea.cz\/wp-content\/uploads\/2018\/05\/P1500240.jpg 1024w, https:\/\/carnea.cz\/wp-content\/uploads\/2018\/05\/P1500240-300x225.jpg 300w, https:\/\/carnea.cz\/wp-content\/uploads\/2018\/05\/P1500240-768x576.jpg 768w\" sizes=\"auto, (max-width: 1024px) 100vw, 1024px\" \/><\/a><\/div>\n\t\t\t\t\t<\/figure>\n\t\t\t\t\t<figure class='gallery-item col-3'>\n\t\t\t\t\t\t<div class='gallery-icon '><a href='https:\/\/carnea.cz\/?attachment_id=5176'><img loading=\"lazy\" decoding=\"async\" width=\"1024\" height=\"682\" src=\"https:\/\/carnea.cz\/wp-content\/uploads\/2018\/05\/IMG_0082.jpg\" class=\"attachment-full size-full\" alt=\"\" srcset=\"https:\/\/carnea.cz\/wp-content\/uploads\/2018\/05\/IMG_0082.jpg 1024w, https:\/\/carnea.cz\/wp-content\/uploads\/2018\/05\/IMG_0082-300x200.jpg 300w, https:\/\/carnea.cz\/wp-content\/uploads\/2018\/05\/IMG_0082-768x512.jpg 768w\" sizes=\"auto, (max-width: 1024px) 100vw, 1024px\" \/><\/a><\/div>\n\t\t\t\t\t<\/figure>\n\t\t\t\t\t<figure class='gallery-item col-3'>\n\t\t\t\t\t\t<div class='gallery-icon '><a href='https:\/\/carnea.cz\/?attachment_id=5182'><img loading=\"lazy\" decoding=\"async\" width=\"1024\" height=\"768\" src=\"https:\/\/carnea.cz\/wp-content\/uploads\/2018\/05\/P1500555.jpg\" class=\"attachment-full size-full\" alt=\"\" srcset=\"https:\/\/carnea.cz\/wp-content\/uploads\/2018\/05\/P1500555.jpg 1024w, https:\/\/carnea.cz\/wp-content\/uploads\/2018\/05\/P1500555-300x225.jpg 300w, https:\/\/carnea.cz\/wp-content\/uploads\/2018\/05\/P1500555-768x576.jpg 768w\" sizes=\"auto, (max-width: 1024px) 100vw, 1024px\" \/><\/a><\/div>\n\t\t\t\t\t<\/figure>\n\t\t\t\t<\/div>\n\t\t\t\t<div class='gallery-row gallery-col-3 gallery-clear'>\n\t\t\t\t\t<figure class='gallery-item col-3'>\n\t\t\t\t\t\t<div class='gallery-icon '><a href='https:\/\/carnea.cz\/?attachment_id=5181'><img loading=\"lazy\" decoding=\"async\" width=\"1024\" height=\"768\" src=\"https:\/\/carnea.cz\/wp-content\/uploads\/2018\/05\/P1500538.jpg\" class=\"attachment-full size-full\" alt=\"\" srcset=\"https:\/\/carnea.cz\/wp-content\/uploads\/2018\/05\/P1500538.jpg 1024w, https:\/\/carnea.cz\/wp-content\/uploads\/2018\/05\/P1500538-300x225.jpg 300w, https:\/\/carnea.cz\/wp-content\/uploads\/2018\/05\/P1500538-768x576.jpg 768w\" sizes=\"auto, (max-width: 1024px) 100vw, 1024px\" \/><\/a><\/div>\n\t\t\t\t\t<\/figure>\n\t\t\t\t\t<figure class='gallery-item col-3'>\n\t\t\t\t\t\t<div class='gallery-icon '><a href='https:\/\/carnea.cz\/?attachment_id=5177'><img loading=\"lazy\" decoding=\"async\" width=\"1024\" height=\"682\" src=\"https:\/\/carnea.cz\/wp-content\/uploads\/2018\/05\/IMG_0105.jpg\" class=\"attachment-full size-full\" alt=\"\" srcset=\"https:\/\/carnea.cz\/wp-content\/uploads\/2018\/05\/IMG_0105.jpg 1024w, https:\/\/carnea.cz\/wp-content\/uploads\/2018\/05\/IMG_0105-300x200.jpg 300w, https:\/\/carnea.cz\/wp-content\/uploads\/2018\/05\/IMG_0105-768x512.jpg 768w\" sizes=\"auto, (max-width: 1024px) 100vw, 1024px\" \/><\/a><\/div>\n\t\t\t\t\t<\/figure>\n\t\t\t\t\t<figure class='gallery-item col-3'>\n\t\t\t\t\t\t<div class='gallery-icon '><a href='https:\/\/carnea.cz\/?attachment_id=5178'><img loading=\"lazy\" decoding=\"async\" width=\"511\" height=\"768\" src=\"https:\/\/carnea.cz\/wp-content\/uploads\/2018\/05\/IMG_0106.jpg\" class=\"attachment-full size-full\" alt=\"\" srcset=\"https:\/\/carnea.cz\/wp-content\/uploads\/2018\/05\/IMG_0106.jpg 511w, https:\/\/carnea.cz\/wp-content\/uploads\/2018\/05\/IMG_0106-200x300.jpg 200w\" sizes=\"auto, (max-width: 511px) 100vw, 511px\" \/><\/a><\/div>\n\t\t\t\t\t<\/figure>\n\t\t\t\t<\/div>\n\t\t\t<\/div><!-- .gallery -->\n\n<p>A z domova m\u00e1m je\u0161t\u011b p\u00e1r t\u011bchto fotek. kdo by t\u0159eba cht\u011bl v\u011bd\u011bt, jak roste pidi hol\u010di\u010dka z vrhu J (ve srovn\u00e1n\u00ed se sv\u00fdm velk\u00fdm brat\u0159\u00edkem)\u00a0a jak pater\u010d\u00e1tka z vrhu K, tak m\u00e1 mo\u017enost. Fotky jsou z minul\u00e9ho t\u00fddne, kdy ob\u011bma vrh\u016fm bylo cca 14 dn\u00ed\u00a0a zat\u00edmco Jon\u00e1\u0161 (nejv\u011bt\u0161\u00ed mim\u010do vrhu J) u\u017e m\u00e1 hrav\u011b 260 g, jeho sest\u0159i\u010dka nab\u00edr\u00e1 na 160 g &#8211; rozd\u00edl porodn\u00edch vah zde byl p\u0159es 50 g, tak\u017ee vemkoncem rostou v\u00fdborn\u011b oba :-). A z vrhu K st\u0159\u00edbrn\u00fd agu\u0165\u00e1\u010dek u\u017e p\u0159ekro\u010dil 160 g (je z vrhu nejv\u011bt\u0161\u00ed) a mal\u00e1 otter sami\u010dka nab\u00edr\u00e1 na 140 g (ta je z vrhu nejmen\u0161\u00ed).<\/p>\n\n\t\t\t<div id='gallery-5170-3' class='gallery gallery-5170'>\n\t\t\t\t<div class='gallery-row gallery-col-2 gallery-clear'>\n\t\t\t\t\t<figure class='gallery-item col-2'>\n\t\t\t\t\t\t<div class='gallery-icon '><a href='https:\/\/carnea.cz\/?attachment_id=5184'><img loading=\"lazy\" decoding=\"async\" width=\"360\" height=\"640\" src=\"https:\/\/carnea.cz\/wp-content\/uploads\/2018\/05\/drobotina-2.jpg\" class=\"attachment-full size-full\" alt=\"\" srcset=\"https:\/\/carnea.cz\/wp-content\/uploads\/2018\/05\/drobotina-2.jpg 360w, https:\/\/carnea.cz\/wp-content\/uploads\/2018\/05\/drobotina-2-169x300.jpg 169w\" sizes=\"auto, (max-width: 360px) 100vw, 360px\" \/><\/a><\/div>\n\t\t\t\t\t<\/figure>\n\t\t\t\t\t<figure class='gallery-item col-2'>\n\t\t\t\t\t\t<div class='gallery-icon '><a href='https:\/\/carnea.cz\/?attachment_id=5183'><img loading=\"lazy\" decoding=\"async\" width=\"360\" height=\"640\" src=\"https:\/\/carnea.cz\/wp-content\/uploads\/2018\/05\/drobotina-1.jpg\" class=\"attachment-full size-full\" alt=\"\" srcset=\"https:\/\/carnea.cz\/wp-content\/uploads\/2018\/05\/drobotina-1.jpg 360w, https:\/\/carnea.cz\/wp-content\/uploads\/2018\/05\/drobotina-1-169x300.jpg 169w\" sizes=\"auto, (max-width: 360px) 100vw, 360px\" \/><\/a><\/div>\n\t\t\t\t\t<\/figure>\n\t\t\t\t<\/div>\n\t\t\t\t<div class='gallery-row gallery-col-2 gallery-clear'>\n\t\t\t\t\t<figure class='gallery-item col-2'>\n\t\t\t\t\t\t<div class='gallery-icon '><a href='https:\/\/carnea.cz\/?attachment_id=5186'><img loading=\"lazy\" decoding=\"async\" width=\"360\" height=\"640\" src=\"https:\/\/carnea.cz\/wp-content\/uploads\/2018\/05\/drobotina-4.jpg\" class=\"attachment-full size-full\" alt=\"\" srcset=\"https:\/\/carnea.cz\/wp-content\/uploads\/2018\/05\/drobotina-4.jpg 360w, https:\/\/carnea.cz\/wp-content\/uploads\/2018\/05\/drobotina-4-169x300.jpg 169w\" sizes=\"auto, (max-width: 360px) 100vw, 360px\" \/><\/a><\/div>\n\t\t\t\t\t<\/figure>\n\t\t\t\t\t<figure class='gallery-item col-2'>\n\t\t\t\t\t\t<div class='gallery-icon '><a href='https:\/\/carnea.cz\/?attachment_id=5185'><img loading=\"lazy\" decoding=\"async\" width=\"360\" height=\"640\" src=\"https:\/\/carnea.cz\/wp-content\/uploads\/2018\/05\/drobotina-3.jpg\" class=\"attachment-full size-full\" alt=\"\" srcset=\"https:\/\/carnea.cz\/wp-content\/uploads\/2018\/05\/drobotina-3.jpg 360w, https:\/\/carnea.cz\/wp-content\/uploads\/2018\/05\/drobotina-3-169x300.jpg 169w\" sizes=\"auto, (max-width: 360px) 100vw, 360px\" \/><\/a><\/div>\n\t\t\t\t\t<\/figure>\n\t\t\t\t<\/div>\n\t\t\t<\/div><!-- .gallery -->\n\n<p>A je\u0161t\u011b tu m\u00e1m p\u00e1r fotek Jon\u00e1\u0161e, kter\u00fd se dostal do\u00a0u\u017e\u0161\u00edho v\u00fdb\u011bru\u00a0z\u00e1jemc\u016f s Chicem, do D\u011b\u010d\u00edna se nakonec bude st\u011bhovat Chico a tak Jon\u00e1\u0161ovy fotky p\u0159ikl\u00e1d\u00e1m, proto\u017ee do t\u00e9 jeho papulky se nejde nezamilovat :-).<\/p>\n\n\t\t\t<div id='gallery-5170-4' class='gallery gallery-5170'>\n\t\t\t\t<div class='gallery-row gallery-col-3 gallery-clear'>\n\t\t\t\t\t<figure class='gallery-item col-3'>\n\t\t\t\t\t\t<div class='gallery-icon '><a href='https:\/\/carnea.cz\/?attachment_id=5187'><img loading=\"lazy\" decoding=\"async\" width=\"640\" height=\"360\" src=\"https:\/\/carnea.cz\/wp-content\/uploads\/2018\/05\/Jon\u00e1\u0161-1-1.jpg\" class=\"attachment-full size-full\" alt=\"\" srcset=\"https:\/\/carnea.cz\/wp-content\/uploads\/2018\/05\/Jon\u00e1\u0161-1-1.jpg 640w, https:\/\/carnea.cz\/wp-content\/uploads\/2018\/05\/Jon\u00e1\u0161-1-1-300x169.jpg 300w\" sizes=\"auto, (max-width: 640px) 100vw, 640px\" \/><\/a><\/div>\n\t\t\t\t\t<\/figure>\n\t\t\t\t\t<figure class='gallery-item col-3'>\n\t\t\t\t\t\t<div class='gallery-icon '><a href='https:\/\/carnea.cz\/?attachment_id=5188'><img loading=\"lazy\" decoding=\"async\" width=\"640\" height=\"360\" src=\"https:\/\/carnea.cz\/wp-content\/uploads\/2018\/05\/Jon\u00e1\u0161-2-1.jpg\" class=\"attachment-full size-full\" alt=\"\" srcset=\"https:\/\/carnea.cz\/wp-content\/uploads\/2018\/05\/Jon\u00e1\u0161-2-1.jpg 640w, https:\/\/carnea.cz\/wp-content\/uploads\/2018\/05\/Jon\u00e1\u0161-2-1-300x169.jpg 300w\" sizes=\"auto, (max-width: 640px) 100vw, 640px\" \/><\/a><\/div>\n\t\t\t\t\t<\/figure>\n\t\t\t\t\t<figure class='gallery-item col-3'>\n\t\t\t\t\t\t<div class='gallery-icon '><a href='https:\/\/carnea.cz\/?attachment_id=5189'><img loading=\"lazy\" decoding=\"async\" width=\"640\" height=\"360\" src=\"https:\/\/carnea.cz\/wp-content\/uploads\/2018\/05\/Jon\u00e1\u0161-3.jpg\" class=\"attachment-full size-full\" alt=\"\" srcset=\"https:\/\/carnea.cz\/wp-content\/uploads\/2018\/05\/Jon\u00e1\u0161-3.jpg 640w, https:\/\/carnea.cz\/wp-content\/uploads\/2018\/05\/Jon\u00e1\u0161-3-300x169.jpg 300w\" sizes=\"auto, (max-width: 640px) 100vw, 640px\" \/><\/a><\/div>\n\t\t\t\t\t<\/figure>\n\t\t\t\t<\/div>\n\t\t\t<\/div><!-- .gallery -->\n\n<p>A kdyby n\u011bkdo pot\u0159eboval v\u011bd\u011bt, jak jede mor\u010d\u00e1tko t\u0159eba do Ostravy &#8211; jako mal\u00e1 cestovatelka Gina, tak tedy takto:<\/p>\n<p><img loading=\"lazy\" decoding=\"async\" class=\"aligncenter size-full wp-image-5191\" src=\"http:\/\/carnea.cz\/wp-content\/uploads\/2018\/05\/Gina-cesta.jpg\" alt=\"\" width=\"640\" height=\"360\" srcset=\"https:\/\/carnea.cz\/wp-content\/uploads\/2018\/05\/Gina-cesta.jpg 640w, https:\/\/carnea.cz\/wp-content\/uploads\/2018\/05\/Gina-cesta-300x169.jpg 300w\" sizes=\"auto, (max-width: 640px) 100vw, 640px\" \/><\/p>\n<p>Hl\u00e1\u0161en\u00ed z Ostravy u\u017e dorazilo, Ginu\u0161e docestovala v po\u0159\u00e1dku a u\u017e si zvyk\u00e1 v nov\u00e9m domov\u011b.<\/p>\n<p>A nejnov\u011bj\u0161\u00ed ud\u00e1lost\u00ed je dal\u0161\u00ed vrh. Quick, u kter\u00e9 jsem v\u016fbec netu\u0161ila, kdy s Rudou zab\u0159ezla, najednou si prost\u011b jen tak jakoby mimochodem vysypala 3 poklady :-). Ve\u010der se tv\u00e1\u0159ila \u017ee ona jako nic, \u017ee a\u0165 u\u017e jdu rad\u0161i sp\u00e1t a r\u00e1no m\u011bla v boxu \u00fapln\u011b usu\u0161en\u00e1 a \u010dis\u0165ounk\u00e1 miminka. M\u00e1me dva kluky foxe vlohov\u00e9 lily a hol\u010di\u010dku \u010dernou s b\u00edlou hv\u011bzdi\u010dkou a \u0165apkami.<img loading=\"lazy\" decoding=\"async\" class=\"aligncenter size-full wp-image-5190\" src=\"http:\/\/carnea.cz\/wp-content\/uploads\/2018\/05\/N-\u010dum\u00e1ky.jpg\" alt=\"\" width=\"640\" height=\"360\" srcset=\"https:\/\/carnea.cz\/wp-content\/uploads\/2018\/05\/N-\u010dum\u00e1ky.jpg 640w, https:\/\/carnea.cz\/wp-content\/uploads\/2018\/05\/N-\u010dum\u00e1ky-300x169.jpg 300w\" sizes=\"auto, (max-width: 640px) 100vw, 640px\" \/>To\u0165 prozat\u00edm v\u0161e :-), dal\u0161\u00ed zpr\u00e1vy a\u017e se mi zas n\u011bkdy bude cht\u00edt.<\/p>\n<p>&nbsp;<\/p>\n<p>&nbsp;<\/p>\n","protected":false},"excerpt":{"rendered":"<p>\u010cas b\u011b\u017e\u00ed jako bl\u00e1zniv\u00fd :-)! A tak rychle p\u0159id\u00e1m p\u00e1r novinek nebo je ulo\u017e\u00edm n\u011bkde k ledu a u\u017e se sem ani nedostanou. Za\u010dnu takovou&#8230;<\/p>\n","protected":false},"author":1,"featured_media":0,"comment_status":"open","ping_status":"open","sticky":false,"template":"","format":"standard","meta":{"footnotes":""},"categories":[2],"tags":[],"class_list":["post-5170","post","type-post","status-publish","format-standard","hentry","category-novinky"],"_links":{"self":[{"href":"https:\/\/carnea.cz\/index.php?rest_route=\/wp\/v2\/posts\/5170","targetHints":{"allow":["GET"]}}],"collection":[{"href":"https:\/\/carnea.cz\/index.php?rest_route=\/wp\/v2\/posts"}],"about":[{"href":"https:\/\/carnea.cz\/index.php?rest_route=\/wp\/v2\/types\/post"}],"author":[{"embeddable":true,"href":"https:\/\/carnea.cz\/index.php?rest_route=\/wp\/v2\/users\/1"}],"replies":[{"embeddable":true,"href":"https:\/\/carnea.cz\/index.php?rest_route=%2Fwp%2Fv2%2Fcomments&post=5170"}],"version-history":[{"count":3,"href":"https:\/\/carnea.cz\/index.php?rest_route=\/wp\/v2\/posts\/5170\/revisions"}],"predecessor-version":[{"id":5193,"href":"https:\/\/carnea.cz\/index.php?rest_route=\/wp\/v2\/posts\/5170\/revisions\/5193"}],"wp:attachment":[{"href":"https:\/\/carnea.cz\/index.php?rest_route=%2Fwp%2Fv2%2Fmedia&parent=5170"}],"wp:term":[{"taxonomy":"category","embeddable":true,"href":"https:\/\/carnea.cz\/index.php?rest_route=%2Fwp%2Fv2%2Fcategories&post=5170"},{"taxonomy":"post_tag","embeddable":true,"href":"https:\/\/carnea.cz\/index.php?rest_route=%2Fwp%2Fv2%2Ftags&post=5170"}],"curies":[{"name":"wp","href":"https:\/\/api.w.org\/{rel}","templated":true}]}}