{"id":5121,"date":"2018-05-11T08:41:24","date_gmt":"2018-05-11T08:41:24","guid":{"rendered":"http:\/\/carnea.cz\/?p=5121"},"modified":"2018-05-11T08:44:20","modified_gmt":"2018-05-11T08:44:20","slug":"neco-na-kveten","status":"publish","type":"post","link":"https:\/\/carnea.cz\/?p=5121","title":{"rendered":"N\u011bco na kv\u011bten!"},"content":{"rendered":"<p>Tak a prvn\u00ed, co dnes nap\u00ed\u0161u, mi ud\u011blalo opravdu velkou radost. Od Maru\u0161ky z Litom\u011b\u0159ic jsem dostala av\u00edzo, \u017ee na\u0161i odchovanci Erant\u00edk a Konvalinka u n\u00ed oslavili kr\u00e1sn\u00e9 6. narozeniny a da\u0159\u00ed se jim i nad\u00e1le moc dob\u0159e. Mrkn\u011bte na n\u011b, j\u00e1 je\u0161t\u011b p\u0159id\u00e1m chovatelsk\u00fd odstavec o tom, \u017ee kresba magpie, kterou maj\u00ed oba na ko\u017e\u00ed\u0161k\u00e1ch (a kter\u00e1 byla p\u0159ed n\u011bkolika lety jednou z nosn\u00fdch barevn\u00fdch \u0159ad v Carnei), se od dob, kdy jsem jich j\u00e1 sama vytvo\u0159ila pom\u011brn\u011b velk\u00e9 mno\u017estv\u00ed a sna\u017eilo se i p\u00e1r dal\u0161\u00edch nad\u0161enc\u016f, se z chovu t\u00e9m\u011b\u0159 vytratila. Je to \u0161koda, mysl\u00edm, \u017ee je to kresba velmi l\u00edbiv\u00e1 a na\u0161la by spoustu p\u0159\u00edznivc\u016f jak mezi chovateli, tak mezi z\u00e1jemci o mor\u010d\u00e1tka. Nav\u00edc byla ofici\u00e1ln\u011b standardem uzn\u00e1na, co\u017e v dob\u011b, kdy jich byla v Carnei dobr\u00e1 dvac\u00edtka kousk\u016f, nebylo. Chov te\u010f eliminuje nedostatek materi\u00e1lu na k\u0159\u00ed\u017een\u00ed, ale tak chovatel\u00e9 moji zlat\u00ed, co\u017e takhle trochu zapracovat na v\u011bdomostech a p\u011bkn\u011b p\u0159es vlohov\u00e1 zv\u00ed\u0159ata tuhle kresbu rozmno\u017eit :-)? Vloh\u00e1\u010d\u016f vhodn\u00fdch k tomu \u00fa\u010delu b\u011bh\u00e1 po \u010cR mraky.<img loading=\"lazy\" decoding=\"async\" class=\"aligncenter wp-image-5122\" src=\"http:\/\/carnea.cz\/wp-content\/uploads\/2018\/05\/\u0161estiletky.jpg\" alt=\"\" width=\"450\" height=\"600\" srcset=\"https:\/\/carnea.cz\/wp-content\/uploads\/2018\/05\/\u0161estiletky.jpg 720w, https:\/\/carnea.cz\/wp-content\/uploads\/2018\/05\/\u0161estiletky-225x300.jpg 225w\" sizes=\"auto, (max-width: 450px) 100vw, 450px\" \/><\/p>\n<p>A tady p\u0159id\u00e1v\u00e1m p\u00e1r fotek s m\u00fdm obl\u00edben\u00fdm motivem pasouc\u00edch se mor\u010d\u00e1k\u016f :-). Tentokr\u00e1te to ale nejsou na\u0161i dom\u00e1c\u00ed, ale na\u0161e odchovankyn\u011b s jej\u00ed kamar\u00e1dkou z CHS Albis. Jak to holk\u00e1m sv\u011bd\u010d\u00ed a \u017ee p\u00e9\u010de je\u00a0jejich p\u00e1n\u00ed\u010dk\u016f je fajnov\u00e1, to mysl\u00edm nen\u00ed t\u0159eba komentovat :-).<\/p>\n\n\t\t\t<div id='gallery-5121-1' class='gallery gallery-5121'>\n\t\t\t\t<div class='gallery-row gallery-col-3 gallery-clear'>\n\t\t\t\t\t<figure class='gallery-item col-3'>\n\t\t\t\t\t\t<div class='gallery-icon '><a href='https:\/\/carnea.cz\/?attachment_id=5125'><img loading=\"lazy\" decoding=\"async\" width=\"1024\" height=\"768\" src=\"https:\/\/carnea.cz\/wp-content\/uploads\/2018\/05\/P1500009.jpg\" class=\"attachment-full size-full\" alt=\"\" srcset=\"https:\/\/carnea.cz\/wp-content\/uploads\/2018\/05\/P1500009.jpg 1024w, https:\/\/carnea.cz\/wp-content\/uploads\/2018\/05\/P1500009-300x225.jpg 300w, https:\/\/carnea.cz\/wp-content\/uploads\/2018\/05\/P1500009-768x576.jpg 768w\" sizes=\"auto, (max-width: 1024px) 100vw, 1024px\" \/><\/a><\/div>\n\t\t\t\t\t<\/figure>\n\t\t\t\t\t<figure class='gallery-item col-3'>\n\t\t\t\t\t\t<div class='gallery-icon '><a href='https:\/\/carnea.cz\/?attachment_id=5126'><img loading=\"lazy\" decoding=\"async\" width=\"1024\" height=\"768\" src=\"https:\/\/carnea.cz\/wp-content\/uploads\/2018\/05\/P1500015.jpg\" class=\"attachment-full size-full\" alt=\"\" srcset=\"https:\/\/carnea.cz\/wp-content\/uploads\/2018\/05\/P1500015.jpg 1024w, https:\/\/carnea.cz\/wp-content\/uploads\/2018\/05\/P1500015-300x225.jpg 300w, https:\/\/carnea.cz\/wp-content\/uploads\/2018\/05\/P1500015-768x576.jpg 768w\" sizes=\"auto, (max-width: 1024px) 100vw, 1024px\" \/><\/a><\/div>\n\t\t\t\t\t<\/figure>\n\t\t\t\t\t<figure class='gallery-item col-3'>\n\t\t\t\t\t\t<div class='gallery-icon '><a href='https:\/\/carnea.cz\/?attachment_id=5127'><img loading=\"lazy\" decoding=\"async\" width=\"1024\" height=\"768\" src=\"https:\/\/carnea.cz\/wp-content\/uploads\/2018\/05\/P1500025.jpg\" class=\"attachment-full size-full\" alt=\"\" srcset=\"https:\/\/carnea.cz\/wp-content\/uploads\/2018\/05\/P1500025.jpg 1024w, https:\/\/carnea.cz\/wp-content\/uploads\/2018\/05\/P1500025-300x225.jpg 300w, https:\/\/carnea.cz\/wp-content\/uploads\/2018\/05\/P1500025-768x576.jpg 768w\" sizes=\"auto, (max-width: 1024px) 100vw, 1024px\" \/><\/a><\/div>\n\t\t\t\t\t<\/figure>\n\t\t\t\t<\/div>\n\t\t\t\t<div class='gallery-row gallery-col-3 gallery-clear'>\n\t\t\t\t\t<figure class='gallery-item col-3'>\n\t\t\t\t\t\t<div class='gallery-icon '><a href='https:\/\/carnea.cz\/?attachment_id=5128'><img loading=\"lazy\" decoding=\"async\" width=\"576\" height=\"768\" src=\"https:\/\/carnea.cz\/wp-content\/uploads\/2018\/05\/P1500040.jpg\" class=\"attachment-full size-full\" alt=\"\" srcset=\"https:\/\/carnea.cz\/wp-content\/uploads\/2018\/05\/P1500040.jpg 576w, https:\/\/carnea.cz\/wp-content\/uploads\/2018\/05\/P1500040-225x300.jpg 225w\" sizes=\"auto, (max-width: 576px) 100vw, 576px\" \/><\/a><\/div>\n\t\t\t\t\t<\/figure>\n\t\t\t\t\t<figure class='gallery-item col-3'>\n\t\t\t\t\t\t<div class='gallery-icon '><a href='https:\/\/carnea.cz\/?attachment_id=5129'><img loading=\"lazy\" decoding=\"async\" width=\"576\" height=\"768\" src=\"https:\/\/carnea.cz\/wp-content\/uploads\/2018\/05\/P1500046.jpg\" class=\"attachment-full size-full\" alt=\"\" srcset=\"https:\/\/carnea.cz\/wp-content\/uploads\/2018\/05\/P1500046.jpg 576w, https:\/\/carnea.cz\/wp-content\/uploads\/2018\/05\/P1500046-225x300.jpg 225w\" sizes=\"auto, (max-width: 576px) 100vw, 576px\" \/><\/a><\/div>\n\t\t\t\t\t<\/figure>\n\t\t\t<\/div>\n\t\t\t<\/div><!-- .gallery -->\n\n<p>Dal\u0161\u00ed pozdrav poslal Cappucino,\u00a0 kter\u00fd odcestoval za kamar\u00e1dem do D\u011b\u010d\u00edna :-). Kluci se po drobn\u00e9m po\u010d\u00e1te\u010dn\u00edm po\u0161\u0165uchov\u00e1n\u00ed s\u017eili a snad jim to vydr\u017e\u00ed :-).<\/p>\n<p><img loading=\"lazy\" decoding=\"async\" class=\"aligncenter wp-image-5135\" src=\"http:\/\/carnea.cz\/wp-content\/uploads\/2018\/05\/Cappucino.jpg\" alt=\"\" width=\"640\" height=\"480\" srcset=\"https:\/\/carnea.cz\/wp-content\/uploads\/2018\/05\/Cappucino.jpg 4032w, https:\/\/carnea.cz\/wp-content\/uploads\/2018\/05\/Cappucino-300x225.jpg 300w, https:\/\/carnea.cz\/wp-content\/uploads\/2018\/05\/Cappucino-768x576.jpg 768w, https:\/\/carnea.cz\/wp-content\/uploads\/2018\/05\/Cappucino-1024x768.jpg 1024w\" sizes=\"auto, (max-width: 640px) 100vw, 640px\" \/><\/p>\n<p>A jako posledn\u00ed p\u0159id\u00e1v\u00e1m p\u00e1r vlastn\u00edch novinek z dom\u00e1c\u00edho prost\u0159ed\u00ed :-).<\/p>\n\n\t\t\t<div id='gallery-5121-2' class='gallery gallery-5121'>\n\t\t\t\t<div class='gallery-row gallery-col-3 gallery-clear'>\n\t\t\t\t\t<figure class='gallery-item col-3'>\n\t\t\t\t\t\t<div class='gallery-icon '><a href='https:\/\/carnea.cz\/?attachment_id=5136'><img loading=\"lazy\" decoding=\"async\" width=\"3264\" height=\"1836\" src=\"https:\/\/carnea.cz\/wp-content\/uploads\/2018\/05\/E10.jpg\" class=\"attachment-full size-full\" alt=\"\" srcset=\"https:\/\/carnea.cz\/wp-content\/uploads\/2018\/05\/E10.jpg 3264w, https:\/\/carnea.cz\/wp-content\/uploads\/2018\/05\/E10-300x169.jpg 300w, https:\/\/carnea.cz\/wp-content\/uploads\/2018\/05\/E10-768x432.jpg 768w, https:\/\/carnea.cz\/wp-content\/uploads\/2018\/05\/E10-1024x576.jpg 1024w\" sizes=\"auto, (max-width: 3264px) 100vw, 3264px\" \/><\/a><\/div>\n\t\t\t\t\t<\/figure>\n\t\t\t\t\t<figure class='gallery-item col-3'>\n\t\t\t\t\t\t<div class='gallery-icon '><a href='https:\/\/carnea.cz\/?attachment_id=5137'><img loading=\"lazy\" decoding=\"async\" width=\"3264\" height=\"1836\" src=\"https:\/\/carnea.cz\/wp-content\/uploads\/2018\/05\/Em\u010da-1.jpg\" class=\"attachment-full size-full\" alt=\"\" srcset=\"https:\/\/carnea.cz\/wp-content\/uploads\/2018\/05\/Em\u010da-1.jpg 3264w, https:\/\/carnea.cz\/wp-content\/uploads\/2018\/05\/Em\u010da-1-300x169.jpg 300w, https:\/\/carnea.cz\/wp-content\/uploads\/2018\/05\/Em\u010da-1-768x432.jpg 768w, https:\/\/carnea.cz\/wp-content\/uploads\/2018\/05\/Em\u010da-1-1024x576.jpg 1024w\" sizes=\"auto, (max-width: 3264px) 100vw, 3264px\" \/><\/a><\/div>\n\t\t\t\t\t<\/figure>\n\t\t\t\t\t<figure class='gallery-item col-3'>\n\t\t\t\t\t\t<div class='gallery-icon '><a href='https:\/\/carnea.cz\/?attachment_id=5138'><img loading=\"lazy\" decoding=\"async\" width=\"3264\" height=\"1836\" src=\"https:\/\/carnea.cz\/wp-content\/uploads\/2018\/05\/Em\u010da-2.jpg\" class=\"attachment-full size-full\" alt=\"\" srcset=\"https:\/\/carnea.cz\/wp-content\/uploads\/2018\/05\/Em\u010da-2.jpg 3264w, https:\/\/carnea.cz\/wp-content\/uploads\/2018\/05\/Em\u010da-2-300x169.jpg 300w, https:\/\/carnea.cz\/wp-content\/uploads\/2018\/05\/Em\u010da-2-768x432.jpg 768w, https:\/\/carnea.cz\/wp-content\/uploads\/2018\/05\/Em\u010da-2-1024x576.jpg 1024w\" sizes=\"auto, (max-width: 3264px) 100vw, 3264px\" \/><\/a><\/div>\n\t\t\t\t\t<\/figure>\n\t\t\t\t<\/div>\n\t\t\t<\/div><!-- .gallery -->\n\n<p>Takhle n\u011bjak vypad\u00e1 vrh E narozen\u00fd 8.4. &#8211; holk\u00e1m je podstat\u011b m\u011bs\u00edc \ud83d\ude42 a Emi\u010dka bude odj\u00ed\u017ed\u011bt za svou novou pani\u010dkou.<\/p>\n\n\t\t\t<div id='gallery-5121-3' class='gallery gallery-5121'>\n\t\t\t\t<div class='gallery-row gallery-col-2 gallery-clear'>\n\t\t\t\t\t<figure class='gallery-item col-2'>\n\t\t\t\t\t\t<div class='gallery-icon '><a href='https:\/\/carnea.cz\/?attachment_id=5140'><img loading=\"lazy\" decoding=\"async\" width=\"1836\" height=\"3264\" src=\"https:\/\/carnea.cz\/wp-content\/uploads\/2018\/05\/dvoj\u010data.jpg\" class=\"attachment-full size-full\" alt=\"\" srcset=\"https:\/\/carnea.cz\/wp-content\/uploads\/2018\/05\/dvoj\u010data.jpg 1836w, https:\/\/carnea.cz\/wp-content\/uploads\/2018\/05\/dvoj\u010data-169x300.jpg 169w, https:\/\/carnea.cz\/wp-content\/uploads\/2018\/05\/dvoj\u010data-768x1365.jpg 768w, https:\/\/carnea.cz\/wp-content\/uploads\/2018\/05\/dvoj\u010data-576x1024.jpg 576w\" sizes=\"auto, (max-width: 1836px) 100vw, 1836px\" \/><\/a><\/div>\n\t\t\t\t\t<\/figure>\n\t\t\t\t\t<figure class='gallery-item col-2'>\n\t\t\t\t\t\t<div class='gallery-icon '><a href='https:\/\/carnea.cz\/?attachment_id=5139'><img loading=\"lazy\" decoding=\"async\" width=\"1836\" height=\"3264\" src=\"https:\/\/carnea.cz\/wp-content\/uploads\/2018\/05\/\u010dty\u0159\u010data.jpg\" class=\"attachment-full size-full\" alt=\"\" srcset=\"https:\/\/carnea.cz\/wp-content\/uploads\/2018\/05\/\u010dty\u0159\u010data.jpg 1836w, https:\/\/carnea.cz\/wp-content\/uploads\/2018\/05\/\u010dty\u0159\u010data-169x300.jpg 169w, https:\/\/carnea.cz\/wp-content\/uploads\/2018\/05\/\u010dty\u0159\u010data-768x1365.jpg 768w, https:\/\/carnea.cz\/wp-content\/uploads\/2018\/05\/\u010dty\u0159\u010data-576x1024.jpg 576w\" sizes=\"auto, (max-width: 1836px) 100vw, 1836px\" \/><\/a><\/div>\n\t\t\t\t\t<\/figure>\n\t\t\t\t<\/div>\n\t\t\t<\/div><!-- .gallery -->\n\n<p>A takhle n\u011bjak vypad\u00e1 v\u00e1hov\u00e9 porovn\u00e1n\u00ed dvou t\u00e9m\u011b\u0159 stejn\u011b star\u00fdch sami\u010dek &#8211; prvn\u00ed je macanda Emi\u010dka z dvoj\u010d\u00e1tek, druh\u00e1 je Gina ze \u010dty\u0159\u010d\u00e1tek, \u017ee je to na v\u00e1ze ale zn\u00e1t :-).<\/p>\n<p>Mimochodem i z Giny roste kr\u00e1sn\u00e1 sle\u010dna. Jedinou vadou na kr\u00e1se je \u010del\u00ed\u010dko o\u0161oupan\u00e9 z kojen\u00ed :-), co\u017e ale samoz\u0159ejm\u011b po odstavu b\u011bhem chv\u00edle doroste.<\/p>\n\n\t\t\t<div id='gallery-5121-4' class='gallery gallery-5121'>\n\t\t\t\t<div class='gallery-row gallery-col-3 gallery-clear'>\n\t\t\t\t\t<figure class='gallery-item col-3'>\n\t\t\t\t\t\t<div class='gallery-icon '><a href='https:\/\/carnea.cz\/?attachment_id=5143'><img loading=\"lazy\" decoding=\"async\" width=\"3264\" height=\"1836\" src=\"https:\/\/carnea.cz\/wp-content\/uploads\/2018\/05\/20180510_181646.jpg\" class=\"attachment-full size-full\" alt=\"\" srcset=\"https:\/\/carnea.cz\/wp-content\/uploads\/2018\/05\/20180510_181646.jpg 3264w, https:\/\/carnea.cz\/wp-content\/uploads\/2018\/05\/20180510_181646-300x169.jpg 300w, https:\/\/carnea.cz\/wp-content\/uploads\/2018\/05\/20180510_181646-768x432.jpg 768w, https:\/\/carnea.cz\/wp-content\/uploads\/2018\/05\/20180510_181646-1024x576.jpg 1024w\" sizes=\"auto, (max-width: 3264px) 100vw, 3264px\" \/><\/a><\/div>\n\t\t\t\t\t<\/figure>\n\t\t\t\t\t<figure class='gallery-item col-3'>\n\t\t\t\t\t\t<div class='gallery-icon '><a href='https:\/\/carnea.cz\/?attachment_id=5141'><img loading=\"lazy\" decoding=\"async\" width=\"3264\" height=\"1836\" src=\"https:\/\/carnea.cz\/wp-content\/uploads\/2018\/05\/20180510_181546.jpg\" class=\"attachment-full size-full\" alt=\"\" srcset=\"https:\/\/carnea.cz\/wp-content\/uploads\/2018\/05\/20180510_181546.jpg 3264w, https:\/\/carnea.cz\/wp-content\/uploads\/2018\/05\/20180510_181546-300x169.jpg 300w, https:\/\/carnea.cz\/wp-content\/uploads\/2018\/05\/20180510_181546-768x432.jpg 768w, https:\/\/carnea.cz\/wp-content\/uploads\/2018\/05\/20180510_181546-1024x576.jpg 1024w\" sizes=\"auto, (max-width: 3264px) 100vw, 3264px\" \/><\/a><\/div>\n\t\t\t\t\t<\/figure>\n\t\t\t\t\t<figure class='gallery-item col-3'>\n\t\t\t\t\t\t<div class='gallery-icon '><a href='https:\/\/carnea.cz\/?attachment_id=5142'><img loading=\"lazy\" decoding=\"async\" width=\"3264\" height=\"1836\" src=\"https:\/\/carnea.cz\/wp-content\/uploads\/2018\/05\/20180510_181556.jpg\" class=\"attachment-full size-full\" alt=\"\" srcset=\"https:\/\/carnea.cz\/wp-content\/uploads\/2018\/05\/20180510_181556.jpg 3264w, https:\/\/carnea.cz\/wp-content\/uploads\/2018\/05\/20180510_181556-300x169.jpg 300w, https:\/\/carnea.cz\/wp-content\/uploads\/2018\/05\/20180510_181556-768x432.jpg 768w, https:\/\/carnea.cz\/wp-content\/uploads\/2018\/05\/20180510_181556-1024x576.jpg 1024w\" sizes=\"auto, (max-width: 3264px) 100vw, 3264px\" \/><\/a><\/div>\n\t\t\t\t\t<\/figure>\n\t\t\t\t<\/div>\n\t\t\t<\/div><!-- .gallery -->\n\n<p>A jako posledn\u00ed p\u0159id\u00e1v\u00e1m\u00a0dal\u0161\u00ed malou ochutn\u00e1vku &#8211; nov\u00fd\u00a0vrh\u00a0M10 &#8211; kter\u00fd se narodil 6.5.\u00a02018 a kter\u00fd mi opravdu, ale opravdu vyrazil dech. Maminou vrhu je Honey CC, star\u0161\u00ed sami\u010dka, co mi ji\u017e nad\u011blila n\u011bjak\u00fdch cca 10 miminek a z jej\u00ed ka\u017edoro\u010dn\u00ed p\u0159ehl\u00eddky jsem byla v podstat\u011b 100% p\u0159esv\u011bd\u010den\u00e1, \u017ee pro m\u011b (k m\u00e9 l\u00edtosti) \u00a0nenese\u00a0\u00a0recesivn\u00ed geny po otci krom\u011b vlohy pro \u010doko. O to v\u011bt\u0161\u00ed bylo moje p\u0159ekvapen\u00ed po jej\u00edm leto\u0161n\u00edm vrhu! Honey ono \u0159ed\u011bn\u00ed nese a to, co cel\u00fd \u017eivot schov\u00e1vala, te\u010f nejen\u017ee uk\u00e1zala, ale onu pro m\u011b zat\u00edm vz\u00e1cnou kombinaci cdcr vydala hned 3x! Z \u010deho\u017e plynou hned dv\u011b\u00a0p\u011bkn\u00e1 ponau\u010den\u00ed &#8211; recesivn\u00ed geny jsou potvory a dok\u00e1\u017e\u00ed se p\u011bkn\u011b dlouho ukr\u00fdvat \ud83d\ude42 a nikdy\u00a0nev\u011b\u0159 zv\u00ed\u0159eti s dominantn\u00edm genem :-).<\/p>\n<p><img loading=\"lazy\" decoding=\"async\" class=\"aligncenter size-full wp-image-5144\" src=\"http:\/\/carnea.cz\/wp-content\/uploads\/2018\/05\/20180508_193952.jpg\" alt=\"\" width=\"3264\" height=\"1836\" srcset=\"https:\/\/carnea.cz\/wp-content\/uploads\/2018\/05\/20180508_193952.jpg 3264w, https:\/\/carnea.cz\/wp-content\/uploads\/2018\/05\/20180508_193952-300x169.jpg 300w, https:\/\/carnea.cz\/wp-content\/uploads\/2018\/05\/20180508_193952-768x432.jpg 768w, https:\/\/carnea.cz\/wp-content\/uploads\/2018\/05\/20180508_193952-1024x576.jpg 1024w\" sizes=\"auto, (max-width: 3264px) 100vw, 3264px\" \/><\/p>\n<p>&nbsp;<\/p>\n<p>&nbsp;<\/p>\n<p>&nbsp;<\/p>\n","protected":false},"excerpt":{"rendered":"<p>Tak a prvn\u00ed, co dnes nap\u00ed\u0161u, mi ud\u011blalo opravdu velkou radost. Od Maru\u0161ky z Litom\u011b\u0159ic jsem dostala av\u00edzo, \u017ee na\u0161i odchovanci Erant\u00edk a Konvalinka u&#8230;<\/p>\n","protected":false},"author":1,"featured_media":0,"comment_status":"open","ping_status":"open","sticky":false,"template":"","format":"standard","meta":{"footnotes":""},"categories":[2],"tags":[],"class_list":["post-5121","post","type-post","status-publish","format-standard","hentry","category-novinky"],"_links":{"self":[{"href":"https:\/\/carnea.cz\/index.php?rest_route=\/wp\/v2\/posts\/5121","targetHints":{"allow":["GET"]}}],"collection":[{"href":"https:\/\/carnea.cz\/index.php?rest_route=\/wp\/v2\/posts"}],"about":[{"href":"https:\/\/carnea.cz\/index.php?rest_route=\/wp\/v2\/types\/post"}],"author":[{"embeddable":true,"href":"https:\/\/carnea.cz\/index.php?rest_route=\/wp\/v2\/users\/1"}],"replies":[{"embeddable":true,"href":"https:\/\/carnea.cz\/index.php?rest_route=%2Fwp%2Fv2%2Fcomments&post=5121"}],"version-history":[{"count":5,"href":"https:\/\/carnea.cz\/index.php?rest_route=\/wp\/v2\/posts\/5121\/revisions"}],"predecessor-version":[{"id":5146,"href":"https:\/\/carnea.cz\/index.php?rest_route=\/wp\/v2\/posts\/5121\/revisions\/5146"}],"wp:attachment":[{"href":"https:\/\/carnea.cz\/index.php?rest_route=%2Fwp%2Fv2%2Fmedia&parent=5121"}],"wp:term":[{"taxonomy":"category","embeddable":true,"href":"https:\/\/carnea.cz\/index.php?rest_route=%2Fwp%2Fv2%2Fcategories&post=5121"},{"taxonomy":"post_tag","embeddable":true,"href":"https:\/\/carnea.cz\/index.php?rest_route=%2Fwp%2Fv2%2Ftags&post=5121"}],"curies":[{"name":"wp","href":"https:\/\/api.w.org\/{rel}","templated":true}]}}