{"id":5011,"date":"2018-04-24T11:29:37","date_gmt":"2018-04-24T11:29:37","guid":{"rendered":"http:\/\/carnea.cz\/?p=5011"},"modified":"2018-04-25T05:56:41","modified_gmt":"2018-04-25T05:56:41","slug":"a-zase-neco-noveho","status":"publish","type":"post","link":"https:\/\/carnea.cz\/?p=5011","title":{"rendered":"A zase n\u011bco nov\u00e9ho!"},"content":{"rendered":"<p>Dnes m\u00e1m\u00a0takou nep\u0159\u00edli\u0161 povedenou novinku. P\u0159ed asi p\u016fl rokem se na m\u011b obr\u00e1tila majitelka jednoho z na\u0161ich odchovanc\u016f, \u017ee st\u00e1le h\u016f\u0159e bojuj\u00ed s alergi\u00ed d\u00edt\u011bte v rodin\u011b na mor\u010d\u00e1ky a zda by nebylo mo\u017en\u00e9 situaci n\u011bjak \u0159e\u0161it. Bohu\u017eel alergie je alergie, mnoho se s n\u00ed d\u011blat ned\u00e1, zamezit kontaktu d\u00edtka s mor\u010d\u00e1kem, br\u00e1t tabletky potla\u010duj\u00edc\u00ed alergick\u00e9 projevy, pou\u017e\u00edvat seno z druh\u00e9 se\u010de, pou\u017e\u00edt maxim\u00e1ln\u011b nepra\u0161nou podest\u00fdlku&#8230;Mor\u010d\u00e1ci v rodin\u011b byli v tu dobu dva, oba kluci &#8211; nerozlu\u010dn\u00ed par\u0165\u00e1ci, jeden sta\u0159i\u010dk\u00fd &#8222;vo\u0159\u00ed\u0161ek&#8220; a jeden tedd\u00edk od n\u00e1s.\u00a0P\u0159ed p\u00e1r dny se situace vyhrotila, star\u00fd same\u010dek zem\u0159el, druh\u00fd je z toho velmi\u00a0nesv\u016fj a \u00a0d\u00edtko k tomu\u00a0skon\u010dilo na pohotovosti se siln\u00fdm alergick\u00fdm projevem. Aby se zm\u00edrnilo utrpen\u00ed obou stran, hled\u00e1me proto n\u011bjak\u00e9 miluj\u00edc\u00ed z\u00e1jemce, kte\u0159\u00ed by poskytli nov\u00fd domov 2-let\u00e9mu mor\u010d\u00e1kovi dom\u00e1cky zvan\u00e9mu Lojz\u00edk a ide\u00e1ln\u011b kdyby mu po\u0159\u00eddili mal\u00e9ho k\u00e1mo\u0161e, na kter\u00e9ho byl po celou dobu zvykl\u00fd. Mor\u010d\u00e1k se nach\u00e1z\u00ed mezi Kladnem\u00a0a Prahou, ale z\u0159ejm\u011b bude mo\u017en\u00e9 ho p\u0159\u00edpadn\u011b p\u0159ibl\u00ed\u017eit.\u00a0Dovybavit ho mal\u00fdm klu\u010d\u00edkem tak\u00e9 nebude probl\u00e9m.<\/p>\n\n\t\t\t<div id='gallery-5011-1' class='gallery gallery-5011'>\n\t\t\t\t<div class='gallery-row gallery-col-2 gallery-clear'>\n\t\t\t\t\t<figure class='gallery-item col-2'>\n\t\t\t\t\t\t<div class='gallery-icon '><a href='https:\/\/carnea.cz\/?attachment_id=5012'><img loading=\"lazy\" decoding=\"async\" width=\"600\" height=\"800\" src=\"https:\/\/carnea.cz\/wp-content\/uploads\/2018\/04\/Lojz\u00edk-1.jpg\" class=\"attachment-full size-full\" alt=\"\" srcset=\"https:\/\/carnea.cz\/wp-content\/uploads\/2018\/04\/Lojz\u00edk-1.jpg 600w, https:\/\/carnea.cz\/wp-content\/uploads\/2018\/04\/Lojz\u00edk-1-225x300.jpg 225w\" sizes=\"auto, (max-width: 600px) 100vw, 600px\" \/><\/a><\/div>\n\t\t\t\t\t<\/figure>\n\t\t\t\t\t<figure class='gallery-item col-2'>\n\t\t\t\t\t\t<div class='gallery-icon '><a href='https:\/\/carnea.cz\/?attachment_id=5013'><img loading=\"lazy\" decoding=\"async\" width=\"800\" height=\"600\" src=\"https:\/\/carnea.cz\/wp-content\/uploads\/2018\/04\/Lojz\u00edk.jpg\" class=\"attachment-full size-full\" alt=\"\" srcset=\"https:\/\/carnea.cz\/wp-content\/uploads\/2018\/04\/Lojz\u00edk.jpg 800w, https:\/\/carnea.cz\/wp-content\/uploads\/2018\/04\/Lojz\u00edk-300x225.jpg 300w, https:\/\/carnea.cz\/wp-content\/uploads\/2018\/04\/Lojz\u00edk-768x576.jpg 768w\" sizes=\"auto, (max-width: 800px) 100vw, 800px\" \/><\/a><\/div>\n\t\t\t\t\t<\/figure>\n\t\t\t\t<\/div>\n\t\t\t<\/div><!-- .gallery -->\n\n<p>Tak a je\u0161t\u011b n\u011bco m\u00e1lo p\u0159id\u00e1m &#8222;z domova&#8220;. L\u00edt\u00e1me ve v\u00fdb\u011bz\u00edch &#8211; fotky jsou jak p\u0159es kop\u00edr\u00e1k s t\u011bmi z minul\u00e9ho v\u00edkendu, p\u0159ed odb\u011brem jsem p\u0159efotila na p\u0159\u00e1n\u00ed nov\u00e9 pani\u010dky\u00a0kluky z vrhu D &#8211; tak se m\u016f\u017eete pobavit, jak nohat\u00e9 rukat\u00e9 je mal\u00e9 tedd\u00ed\u010de p\u0159esn\u011b p\u0159ed odstavem :-). A posledn\u00ed fotka jen pro zasm\u00e1t\u00ed &#8211; i na dceru do\u0161la selfie m\u00e1nie, zv\u011b\u010dnila se jak jinak ne\u017e se svou obl\u00edbenkyn\u00ed a v\u00fdsledek jej\u00edho sna\u017een\u00ed\u00a0jsem zcela n\u00e1hodn\u011b na\u0161la v m\u00e9m mobilu :-), dokonal\u00e1 fotka to nen\u00ed, ale m\u00e1 sv\u016fj p\u016fvab.<\/p>\n\n\t\t\t<div id='gallery-5011-2' class='gallery gallery-5011'>\n\t\t\t\t<div class='gallery-row gallery-col-2 gallery-clear'>\n\t\t\t\t\t<figure class='gallery-item col-2'>\n\t\t\t\t\t\t<div class='gallery-icon '><a href='https:\/\/carnea.cz\/?attachment_id=5018'><img loading=\"lazy\" decoding=\"async\" width=\"360\" height=\"640\" src=\"https:\/\/carnea.cz\/wp-content\/uploads\/2018\/04\/pasen\u00ed-2.jpg\" class=\"attachment-full size-full\" alt=\"\" srcset=\"https:\/\/carnea.cz\/wp-content\/uploads\/2018\/04\/pasen\u00ed-2.jpg 360w, https:\/\/carnea.cz\/wp-content\/uploads\/2018\/04\/pasen\u00ed-2-169x300.jpg 169w\" sizes=\"auto, (max-width: 360px) 100vw, 360px\" \/><\/a><\/div>\n\t\t\t\t\t<\/figure>\n\t\t\t\t\t<figure class='gallery-item col-2'>\n\t\t\t\t\t\t<div class='gallery-icon '><a href='https:\/\/carnea.cz\/?attachment_id=5017'><img loading=\"lazy\" decoding=\"async\" width=\"640\" height=\"360\" src=\"https:\/\/carnea.cz\/wp-content\/uploads\/2018\/04\/pasen\u00ed-1.jpg\" class=\"attachment-full size-full\" alt=\"\" srcset=\"https:\/\/carnea.cz\/wp-content\/uploads\/2018\/04\/pasen\u00ed-1.jpg 640w, https:\/\/carnea.cz\/wp-content\/uploads\/2018\/04\/pasen\u00ed-1-300x169.jpg 300w\" sizes=\"auto, (max-width: 640px) 100vw, 640px\" \/><\/a><\/div>\n\t\t\t\t\t<\/figure>\n\t\t\t\t<\/div>\n\t\t\t\t<div class='gallery-row gallery-col-2 gallery-clear'>\n\t\t\t\t\t<figure class='gallery-item col-2'>\n\t\t\t\t\t\t<div class='gallery-icon '><a href='https:\/\/carnea.cz\/?attachment_id=5015'><img loading=\"lazy\" decoding=\"async\" width=\"640\" height=\"480\" src=\"https:\/\/carnea.cz\/wp-content\/uploads\/2018\/04\/D-p\u0159efocen\u00ed-2.jpg\" class=\"attachment-full size-full\" alt=\"\" srcset=\"https:\/\/carnea.cz\/wp-content\/uploads\/2018\/04\/D-p\u0159efocen\u00ed-2.jpg 640w, https:\/\/carnea.cz\/wp-content\/uploads\/2018\/04\/D-p\u0159efocen\u00ed-2-300x225.jpg 300w\" sizes=\"auto, (max-width: 640px) 100vw, 640px\" \/><\/a><\/div>\n\t\t\t\t\t<\/figure>\n\t\t\t\t\t<figure class='gallery-item col-2'>\n\t\t\t\t\t\t<div class='gallery-icon '><a href='https:\/\/carnea.cz\/?attachment_id=5016'><img loading=\"lazy\" decoding=\"async\" width=\"640\" height=\"480\" src=\"https:\/\/carnea.cz\/wp-content\/uploads\/2018\/04\/D-p\u0159efocen\u00ed-3.jpg\" class=\"attachment-full size-full\" alt=\"\" srcset=\"https:\/\/carnea.cz\/wp-content\/uploads\/2018\/04\/D-p\u0159efocen\u00ed-3.jpg 640w, https:\/\/carnea.cz\/wp-content\/uploads\/2018\/04\/D-p\u0159efocen\u00ed-3-300x225.jpg 300w\" sizes=\"auto, (max-width: 640px) 100vw, 640px\" \/><\/a><\/div>\n\t\t\t\t\t<\/figure>\n\t\t\t\t<\/div>\n\t\t\t\t<div class='gallery-row gallery-col-2 gallery-clear'>\n\t\t\t\t\t<figure class='gallery-item col-2'>\n\t\t\t\t\t\t<div class='gallery-icon '><a href='https:\/\/carnea.cz\/?attachment_id=5014'><img loading=\"lazy\" decoding=\"async\" width=\"640\" height=\"480\" src=\"https:\/\/carnea.cz\/wp-content\/uploads\/2018\/04\/D-p\u0159efocen\u00ed-1.jpg\" class=\"attachment-full size-full\" alt=\"\" srcset=\"https:\/\/carnea.cz\/wp-content\/uploads\/2018\/04\/D-p\u0159efocen\u00ed-1.jpg 640w, https:\/\/carnea.cz\/wp-content\/uploads\/2018\/04\/D-p\u0159efocen\u00ed-1-300x225.jpg 300w\" sizes=\"auto, (max-width: 640px) 100vw, 640px\" \/><\/a><\/div>\n\t\t\t\t\t<\/figure>\n\t\t\t\t\t<figure class='gallery-item col-2'>\n\t\t\t\t\t\t<div class='gallery-icon '><a href='https:\/\/carnea.cz\/?attachment_id=5019'><img loading=\"lazy\" decoding=\"async\" width=\"480\" height=\"640\" src=\"https:\/\/carnea.cz\/wp-content\/uploads\/2018\/04\/selfie.jpg\" class=\"attachment-full size-full\" alt=\"\" srcset=\"https:\/\/carnea.cz\/wp-content\/uploads\/2018\/04\/selfie.jpg 480w, https:\/\/carnea.cz\/wp-content\/uploads\/2018\/04\/selfie-225x300.jpg 225w\" sizes=\"auto, (max-width: 480px) 100vw, 480px\" \/><\/a><\/div>\n\t\t\t\t\t<\/figure>\n\t\t\t\t<\/div>\n\t\t\t<\/div><!-- .gallery -->\n\n<p>&nbsp;<\/p>\n<p>A posledn\u00ed fotka je ze v\u010derej\u0161ka &#8211; dv\u011b nov\u00e1 ob\u0159\u00ed miminka po Ka\u010dence a Tauovi. No je\u0161t\u011b te\u010f, kdy\u017e je vid\u00edm, tak jsem r\u00e1da, \u017ee to dob\u0159e dopadlo. Dal\u0161\u00ed podrobnosti jsou u vrhu H10 v Narozen\u00fdch vrz\u00edch. Dokonce jsem byla tak dobr\u00e1, \u017ee to je zpracovan\u00e9 t\u00e9m\u011b\u0159 bez zpo\u017ed\u011bn\u00ed :-).<\/p>\n<p><img loading=\"lazy\" decoding=\"async\" class=\"aligncenter size-single-thumbnail wp-image-4999\" src=\"http:\/\/carnea.cz\/wp-content\/uploads\/2018\/04\/H-\u010dum\u00e1ky-470x260.jpg\" alt=\"\" width=\"470\" height=\"260\" \/><\/p>\n<p>&nbsp;<\/p>\n<p>&nbsp;<\/p>\n<p>&nbsp;<\/p>\n","protected":false},"excerpt":{"rendered":"<p>Dnes m\u00e1m\u00a0takou nep\u0159\u00edli\u0161 povedenou novinku. P\u0159ed asi p\u016fl rokem se na m\u011b obr\u00e1tila majitelka jednoho z na\u0161ich odchovanc\u016f, \u017ee st\u00e1le h\u016f\u0159e bojuj\u00ed s alergi\u00ed d\u00edt\u011bte&#8230;<\/p>\n","protected":false},"author":1,"featured_media":0,"comment_status":"open","ping_status":"open","sticky":false,"template":"","format":"standard","meta":{"footnotes":""},"categories":[2],"tags":[],"class_list":["post-5011","post","type-post","status-publish","format-standard","hentry","category-novinky"],"_links":{"self":[{"href":"https:\/\/carnea.cz\/index.php?rest_route=\/wp\/v2\/posts\/5011","targetHints":{"allow":["GET"]}}],"collection":[{"href":"https:\/\/carnea.cz\/index.php?rest_route=\/wp\/v2\/posts"}],"about":[{"href":"https:\/\/carnea.cz\/index.php?rest_route=\/wp\/v2\/types\/post"}],"author":[{"embeddable":true,"href":"https:\/\/carnea.cz\/index.php?rest_route=\/wp\/v2\/users\/1"}],"replies":[{"embeddable":true,"href":"https:\/\/carnea.cz\/index.php?rest_route=%2Fwp%2Fv2%2Fcomments&post=5011"}],"version-history":[{"count":3,"href":"https:\/\/carnea.cz\/index.php?rest_route=\/wp\/v2\/posts\/5011\/revisions"}],"predecessor-version":[{"id":5027,"href":"https:\/\/carnea.cz\/index.php?rest_route=\/wp\/v2\/posts\/5011\/revisions\/5027"}],"wp:attachment":[{"href":"https:\/\/carnea.cz\/index.php?rest_route=%2Fwp%2Fv2%2Fmedia&parent=5011"}],"wp:term":[{"taxonomy":"category","embeddable":true,"href":"https:\/\/carnea.cz\/index.php?rest_route=%2Fwp%2Fv2%2Fcategories&post=5011"},{"taxonomy":"post_tag","embeddable":true,"href":"https:\/\/carnea.cz\/index.php?rest_route=%2Fwp%2Fv2%2Ftags&post=5011"}],"curies":[{"name":"wp","href":"https:\/\/api.w.org\/{rel}","templated":true}]}}