{"id":4838,"date":"2018-03-21T08:30:58","date_gmt":"2018-03-21T08:30:58","guid":{"rendered":"http:\/\/carnea.cz\/?p=4838"},"modified":"2018-03-21T08:30:58","modified_gmt":"2018-03-21T08:30:58","slug":"brezen-za-kamna-vlezem","status":"publish","type":"post","link":"https:\/\/carnea.cz\/?p=4838","title":{"rendered":"B\u0159ezen, za kamna vlezem!"},"content":{"rendered":"<p>Kone\u010dn\u011b je tu datum s onou kr\u00e1snou\u00a0\u010d\u00edslic\u00ed m\u011bs\u00edce 3 \u00a0\ud83d\ude42 a moje deprese z \u010d\u00edsel 11, 12, 1 a 2 budou za chv\u00edli zapomenuty :-).\u00a0A kdy\u017e u\u017e se pomalou\u010dku bl\u00ed\u017e\u00ed to jaro, po\u017eaduji, aby mi okam\u017eit\u011b narostla tr\u00e1\u00e1\u00e1\u00e1v\u00e1\u00e1\u00e1\u00e1! Tak se uklidn\u00edme, \u017ee :-), po\u010das\u00ed posledn\u00edch p\u00e1r\u00a0dn\u00ed p\u0159ipom\u00edn\u00e1 v\u0161echno mo\u017en\u00e9, ale jaro moc ne.\u00a0Ale v\u011b\u0159\u00edm, \u017ee oteplen\u00ed se\u00a0fakt\u00a0bl\u00ed\u017e\u00ed,\u00a0 brzy bude veseleji. Pot\u0159ebuji to nejen j\u00e1 a mor\u010d\u00e1ci &#8211; kdy\u017e vid\u00edm, jak se na m\u011b \u0161kleb\u00ed, \u017ee nesu zas a zas jen tu zeleninu a cpu jim seno &#8211; ale tak\u00e9 man\u017eel se synem, kte\u0159\u00ed d\u011blali celou zimu bez protest\u016f &#8222;nosi\u010de&#8220;. Ono je to fakt velk\u00e1 z\u00e1bava dot\u00e1hnout dom\u016f n\u00e1kup alespo\u0148 t\u0159eba na 3 dni (ide\u00e1ln\u011b aspo\u0148 na 4-5, abych taky po\u0159\u00e1d jen ob den nenakupovala, \u017ee), kdy\u017e drobe\u010dkov\u00e9 denn\u011b spo\u0159\u00e1daj\u00ed zeleninky tak 10 kilo :-o. Kufr m\u00e1m v\u011b\u010dn\u011b pln\u00fd mrkv\u00ed, celeru, \u010derven\u00e9 \u0159epy, \u010d\u00ednsk\u00e9ho a b\u00edl\u00e9ho zel\u00ed, navrch naskl\u00e1d\u00e1m brokolice, pomeran\u010de, papriky, fenykly, \u0159ap\u00edkat\u00fd celer\u00a0a tak\u00a0a my dvounoz\u00ed s dovolen\u00edm j\u00edme ob\u010das\u00a0t\u00e9\u017e :-). Nosi\u010di u\u017e maj\u00ed ruce a\u017e u kolen a j\u00e1 mimochodem p\u0159i sou\u010dasn\u00fdch cen\u00e1ch zel-ovo docela slu\u0161n\u00fd pr\u016fvan v pen\u011b\u017eence. No to jen takov\u00e1 kulturn\u00ed vlo\u017eka, kdyby t\u0159eba n\u011bkoho napadlo, \u017ee ten chov je \u00fa\u017easn\u00e9 a b\u00e1je\u010dn\u00e9 hobby a cht\u011bl by si ho po\u0159\u00eddit ke sv\u00e9mu pot\u011b\u0161en\u00ed taky :-). Nebo kdyby n\u011bkoho napadlo je\u0161t\u011b n\u011bco lep\u0161\u00edho, t\u0159eba \u017ee se d\u00e1 na chovu vyd\u011blat. Ale takov\u00ed jedinci mysl\u00edm zrovna tyhle webovky ne\u010dtou :-).<\/p>\n<p>Tak konec \u017evan\u011bn\u00ed a s chut\u00ed do toho. Zpr\u00e1vy m\u00e1m 4, dv\u011b dobr\u00e9,\u00a0dv\u011b \u0161patn\u00e9. Za\u010dnu tou prvn\u00ed \u0161patnou, a\u0165 to m\u00e1m za sebou. U\u017e p\u00e1r t\u00fddn\u016f se mi nezd\u00e1la dvoulet\u00e1 sami\u010dka Wanda, a\u010d j\u00ed v\u011b\u010dn\u011b vid\u00edm n\u011bco \u017emoulat v papuli\u00a0a \u017eebr\u00e1 p\u0159es kraj boxu tak\u00e9 zdatn\u011b a vesele,\u00a0tak n\u011bjak pomalounku polehounku\u00a0potv\u016frka ub\u00fdvala na v\u00e1ze&#8230;, \u017ee by jarn\u00ed dietka p\u0159ed plavkovou sez\u00f3nou? Asi t\u011b\u017eko, \u017ee. A\u017e jsem se prost\u011b jednou nakrkla a to celkem zdrav\u011b vyhl\u00ed\u017eej\u00edc\u00ed mor\u010de\u00a0objednala k pan\u00ed doktorce Matou\u0161kov\u00e9. S veterin\u00e1rn\u00edm vybaven\u00edm bylo zji\u0161t\u011bno, \u017ee Wand\u011b praskla stoli\u010dka vlevo dole a \u017ee pod t\u00edm praskl\u00fdm zubem se vytvo\u0159il absces, kter\u00fd se \u0161ikovn\u011b po prasknut\u00ed vyl\u00e9val do papule a tak se navenek nikde neuk\u00e1zal. P\u0159\u00edpadn\u011b se prvn\u011b ud\u011blal v papuli absces\u00a0a pak praskla stoli\u010dka. V\u00fdsledek je bohu\u017eel stejn\u00fd a progn\u00f3za nen\u00ed p\u0159\u00edli\u0161 p\u0159\u00edzniv\u00e1. Nast\u00edn\u011bny byly 3 mo\u017enosti &#8211; uspat definitivn\u011b, uspat jen na chv\u00edli a praskl\u00fd zub i s jeho prot\u011bj\u0161kem vyrvat nebo se pokusit o nemo\u017en\u00e9, p\u0159ispat, roz\u0159\u00edznout \u017ev\u00fdkac\u00ed svaly, vy\u010distit a d\u00e1t na modlen\u00ed. Uspat jsem v tento okam\u017eik\u00a0kategoricky zavrhla, trhat zuby jsme chv\u00edli zva\u017eovali, le\u010d bakterkou b\u00fdv\u00e1 napaden\u00e1 \u010dasto pr\u00fd i \u010delist, co\u017e je probl\u00e9m \u010d.1., organismus se nast\u00edn\u011bn\u00fdm z\u00e1krokem je\u0161t\u011b v\u00edce oslab\u00ed a absces si pak k\u013a\u00ed\u010fo vybuj\u00ed n\u011bkde o kousek vedle a jste zase na za\u010d\u00e1tku, co\u017e je probl\u00e9m \u010d.2.\u00a0 a nekone\u010dn\u00fd za\u010darovan\u00fd kruh.\u00a0Nakonec se tedy za lok\u00e1ln\u00ed anestezie otev\u0159ela p\u0159es \u017ev\u00fdkac\u00ed svaly tv\u00e1\u0159 a absces se vy\u010distil a dostal mo\u017enost ventilovat se ven a nepraskat pod t\u00edm zubem. Dostali jsem ATB a\u00a0betadinov\u00fd roztok na vyplachov\u00e1n\u00ed 2x denn\u011b a hur\u00e1, m\u00e1me se sna\u017eit doma. Dr\u017ete n\u00e1m palce, postup praktikujeme, ale zat\u00edm v\u00edt\u011bz\u00ed sp\u00ed\u0161 bakterie. Potvory jedny o\u0161kliv\u00e9, mizern\u00e9. Bohu\u017eel mor\u010data jsou na jak\u00e9koliv bakteri\u00e1ln\u00ed\u00a0z\u00e1le\u017eitosti velmi &#8222;chytlav\u00e1&#8220; a p\u0159i oslaben\u00ed jedince bakterka prost\u011b a\u0165 se mi to l\u00edb\u00ed nebo ne, um\u00ed i zv\u00edt\u011bzit. Druhou \u0161patnou zpr\u00e1vou je, \u017ee n\u00e1s opustila dal\u0161\u00ed d\u016fchodkyn\u011b, tentokr\u00e1te 6,5 roku star\u00e1 Vanilka. Vanilka byla moje obl\u00edben\u00e1 trikolorn\u00ed hol\u010di\u010dka, v mlad\u00e9m v\u011bku z\u00edskala krom\u011b klasick\u00fdch v\u00fdstavn\u00edch titul\u016f na speci\u00e1lce tedd\u00edk\u016f a rex\u016f titul Mor\u010de pohod\u00e1\u0159, proto\u017ee ona prost\u011b byla rozen\u00e9 caviaterapeutick\u00e9 mor\u010de. V\u017edy dob\u0159e nalad\u011bn\u00e1, povahov\u011b akur\u00e1tn\u00ed, ani b\u00e1zliv\u00e1 ani p\u0159\u00edli\u0161 vlezl\u00e1, k \u010dlov\u011bku vst\u0159\u00edcn\u00e1&#8230;Doma mi tedy v d\u016fcho\u010f\u00e1\u010dku zb\u00fdv\u00e1 posledn\u00ed trikolorn\u00ed sami\u010dka Unica a jej\u00ed spolubydl\u00edc\u00ed Pop\u00edk. Dlouho tam ov\u0161em sami nez\u016fstanou, d\u016fchodu se brzy dopracuje Veronica, Quick III a Bellis.<\/p>\n<p>Tou lep\u0161\u00ed zpr\u00e1vou je, \u017ee CARNEA\u00a0z\u00edskala titul\u00a0PLATINOV\u00c1 CHOVATESLK\u00c1 STANICE! Zat\u00edm ne ofici\u00e1ln\u011b, ale podm\u00ednky byly spln\u011bny. Posledn\u00ed 30. \u0161ampion\u00e1t pod veden\u00edm CHS Z Turkovic z\u00edskala Hermiona Cavia Carnea, t\u00edmto ob\u011bma z\u00fa\u010dastn\u011bn\u00fdm d\u00e1m\u00e1m velmi, velmi d\u011bkuji \ud83d\ude42 a budeme slavit! Krom\u011b toho pat\u0159\u00ed d\u00edk i ostatn\u00edm chovatel\u016fm, kte\u0159\u00ed se vystaven\u00edm a vy\u0159\u00edzen\u00edm \u0161ampion\u00e1tu na\u0161im odchovanc\u016fm pod\u00edleli na tomto vpravd\u011b velk\u00e9m a mil\u00e9m \u00fasp\u011bchu. \u00a0Nev\u011b\u0159\u00edc\u00ed Tom\u00e1\u0161ov\u00e9 m\u016f\u017eou zagooglit na Rodentu &#8211; krom\u011b zat\u00edm nezapsan\u00e9 Hermiony jsou tam v\u0161echny v\u00fdsledky na\u0161eho sna\u017een\u00ed :-). <a href=\"http:\/\/www.rodent.cz\/component\/option,com_champlist\/Itemid,56\/\">http:\/\/www.rodent.cz\/component\/option,com_champlist\/Itemid,56\/<\/a>\u00a0&#8211; do r\u00e1me\u010dku vpravo je t\u0159eba zadat Carnea.<\/p>\n<p>A jako posledn\u00ed p\u0159id\u00e1v\u00e1m to, na co jsou mysl\u00edm v\u0161ichni v\u010detn\u011b m\u011b zv\u011bdav\u00ed :-). Aneb najdi v p\u0159ilo\u017een\u00fdch fotogaleri\u00edch 5 rozd\u00edl\u016f :-).<\/p>\n\n\t\t\t<div id='gallery-4838-1' class='gallery gallery-4838'>\n\t\t\t\t<div class='gallery-row gallery-col-3 gallery-clear'>\n\t\t\t\t\t<figure class='gallery-item col-3'>\n\t\t\t\t\t\t<div class='gallery-icon '><a href='https:\/\/carnea.cz\/?attachment_id=4852'><img loading=\"lazy\" decoding=\"async\" width=\"640\" height=\"480\" src=\"https:\/\/carnea.cz\/wp-content\/uploads\/2018\/03\/20180318_162734.jpg\" class=\"attachment-full size-full\" alt=\"\" srcset=\"https:\/\/carnea.cz\/wp-content\/uploads\/2018\/03\/20180318_162734.jpg 640w, https:\/\/carnea.cz\/wp-content\/uploads\/2018\/03\/20180318_162734-300x225.jpg 300w\" sizes=\"auto, (max-width: 640px) 100vw, 640px\" \/><\/a><\/div>\n\t\t\t\t\t<\/figure>\n\t\t\t\t\t<figure class='gallery-item col-3'>\n\t\t\t\t\t\t<div class='gallery-icon '><a href='https:\/\/carnea.cz\/?attachment_id=4853'><img loading=\"lazy\" decoding=\"async\" width=\"640\" height=\"480\" src=\"https:\/\/carnea.cz\/wp-content\/uploads\/2018\/03\/20180318_162943.jpg\" class=\"attachment-full size-full\" alt=\"\" srcset=\"https:\/\/carnea.cz\/wp-content\/uploads\/2018\/03\/20180318_162943.jpg 640w, https:\/\/carnea.cz\/wp-content\/uploads\/2018\/03\/20180318_162943-300x225.jpg 300w\" sizes=\"auto, (max-width: 640px) 100vw, 640px\" \/><\/a><\/div>\n\t\t\t\t\t<\/figure>\n\t\t\t<\/div>\n\t\t\t<\/div><!-- .gallery -->\n\n<p>&nbsp;<\/p>\n\n\t\t\t<div id='gallery-4838-2' class='gallery gallery-4838'>\n\t\t\t\t<div class='gallery-row gallery-col-3 gallery-clear'>\n\t\t\t\t\t<figure class='gallery-item col-3'>\n\t\t\t\t\t\t<div class='gallery-icon '><a href='https:\/\/carnea.cz\/?attachment_id=4850'><img loading=\"lazy\" decoding=\"async\" width=\"640\" height=\"480\" src=\"https:\/\/carnea.cz\/wp-content\/uploads\/2018\/03\/20180318_162649.jpg\" class=\"attachment-full size-full\" alt=\"\" srcset=\"https:\/\/carnea.cz\/wp-content\/uploads\/2018\/03\/20180318_162649.jpg 640w, https:\/\/carnea.cz\/wp-content\/uploads\/2018\/03\/20180318_162649-300x225.jpg 300w\" sizes=\"auto, (max-width: 640px) 100vw, 640px\" \/><\/a><\/div>\n\t\t\t\t\t<\/figure>\n\t\t\t\t\t<figure class='gallery-item col-3'>\n\t\t\t\t\t\t<div class='gallery-icon '><a href='https:\/\/carnea.cz\/?attachment_id=4851'><img loading=\"lazy\" decoding=\"async\" width=\"640\" height=\"480\" src=\"https:\/\/carnea.cz\/wp-content\/uploads\/2018\/03\/20180318_163120.jpg\" class=\"attachment-full size-full\" alt=\"\" srcset=\"https:\/\/carnea.cz\/wp-content\/uploads\/2018\/03\/20180318_163120.jpg 640w, https:\/\/carnea.cz\/wp-content\/uploads\/2018\/03\/20180318_163120-300x225.jpg 300w\" sizes=\"auto, (max-width: 640px) 100vw, 640px\" \/><\/a><\/div>\n\t\t\t\t\t<\/figure>\n\t\t\t<\/div>\n\t\t\t<\/div><!-- .gallery -->\n\n","protected":false},"excerpt":{"rendered":"<p>Kone\u010dn\u011b je tu datum s onou kr\u00e1snou\u00a0\u010d\u00edslic\u00ed m\u011bs\u00edce 3 \u00a0\ud83d\ude42 a moje deprese z \u010d\u00edsel 11, 12, 1 a 2 budou za chv\u00edli zapomenuty :-).\u00a0A&#8230;<\/p>\n","protected":false},"author":1,"featured_media":0,"comment_status":"open","ping_status":"open","sticky":false,"template":"","format":"standard","meta":{"footnotes":""},"categories":[2],"tags":[],"class_list":["post-4838","post","type-post","status-publish","format-standard","hentry","category-novinky"],"_links":{"self":[{"href":"https:\/\/carnea.cz\/index.php?rest_route=\/wp\/v2\/posts\/4838","targetHints":{"allow":["GET"]}}],"collection":[{"href":"https:\/\/carnea.cz\/index.php?rest_route=\/wp\/v2\/posts"}],"about":[{"href":"https:\/\/carnea.cz\/index.php?rest_route=\/wp\/v2\/types\/post"}],"author":[{"embeddable":true,"href":"https:\/\/carnea.cz\/index.php?rest_route=\/wp\/v2\/users\/1"}],"replies":[{"embeddable":true,"href":"https:\/\/carnea.cz\/index.php?rest_route=%2Fwp%2Fv2%2Fcomments&post=4838"}],"version-history":[{"count":10,"href":"https:\/\/carnea.cz\/index.php?rest_route=\/wp\/v2\/posts\/4838\/revisions"}],"predecessor-version":[{"id":4854,"href":"https:\/\/carnea.cz\/index.php?rest_route=\/wp\/v2\/posts\/4838\/revisions\/4854"}],"wp:attachment":[{"href":"https:\/\/carnea.cz\/index.php?rest_route=%2Fwp%2Fv2%2Fmedia&parent=4838"}],"wp:term":[{"taxonomy":"category","embeddable":true,"href":"https:\/\/carnea.cz\/index.php?rest_route=%2Fwp%2Fv2%2Fcategories&post=4838"},{"taxonomy":"post_tag","embeddable":true,"href":"https:\/\/carnea.cz\/index.php?rest_route=%2Fwp%2Fv2%2Ftags&post=4838"}],"curies":[{"name":"wp","href":"https:\/\/api.w.org\/{rel}","templated":true}]}}