{"id":3272,"date":"2016-10-17T10:04:41","date_gmt":"2016-10-17T10:04:41","guid":{"rendered":"http:\/\/carnea.cz\/?p=3272"},"modified":"2016-10-17T10:04:41","modified_gmt":"2016-10-17T10:04:41","slug":"vrh-l8","status":"publish","type":"post","link":"https:\/\/carnea.cz\/?p=3272","title":{"rendered":"Vrh L8"},"content":{"rendered":"<p>10.10. 2016 se mamince Evi\u010dce Cavia Carnea a tat\u00ednkovi Leon Cavia Carnea narodil vrh L8. Evi\u010dka je prvorodi\u010dka, ale moc \u0161ikovn\u00e1 a miminka m\u00e1 p\u011bkn\u00e1, velik\u00e1, profesion\u00e1ln\u011b o\u010di\u0161t\u011bn\u00e1 a typick\u00fd mor\u010dec\u00ed koj\u00edc\u00ed postoj um\u00ed na jedni\u010dku :-). Ve vrhu je jedna hol\u010di\u010dka a 2 klu\u010d\u00edci, s barvami se rodi\u010de vy\u0159\u00e1dili, ka\u017ed\u00e9 miminko je origin\u00e1l. Sami\u010dka je \u010dern\u00e1 s b\u00edlou, jeden klu\u010d\u00edk zlat\u00fd aguti a druh\u00fd klu\u010d\u00edk m\u00e1 \u00fapln\u011b atypickou barvu, z\u00e1klad je \u010dokol\u00e1dov\u00fd a v n\u011bm p\u0159im\u00ed\u0161en\u00e9 kr\u00e9mov\u00e9 chlupy. Geneticky ov\u0161em \u010doko s kr\u00e9mem b\u00fdt nem\u016f\u017ee (aneb k \u010demu je dobr\u00e9 zn\u00e1t genetick\u00e9 k\u00f3dy vlastn\u00edch zv\u00ed\u0159at, \u017ee), tak\u017ee je s nejv\u011bt\u0161\u00ed pravd\u011bpodobnost\u00ed \u010doko dapl\u00edk. Zda mu mel\u00edr vypad\u00e1 a nebo se naopak je\u0161t\u011b rozvine, si netrouf\u00e1m zat\u00edm odhadovat &#8211; tak se tak n\u011bjak nech\u00e1me p\u0159ekvapit :-).<\/p>\n\n\t\t\t<div id='gallery-3272-1' class='gallery gallery-3272'>\n\t\t\t\t<div class='gallery-row gallery-col-3 gallery-clear'>\n\t\t\t\t\t<figure class='gallery-item col-3'>\n\t\t\t\t\t\t<div class='gallery-icon '><a href='https:\/\/carnea.cz\/?attachment_id=3315'><img loading=\"lazy\" decoding=\"async\" width=\"150\" height=\"150\" src=\"https:\/\/carnea.cz\/wp-content\/uploads\/2016\/10\/IMG_5250-150x150.jpg\" class=\"attachment-thumbnail size-thumbnail\" alt=\"\" \/><\/a><\/div>\n\t\t\t\t\t<\/figure>\n\t\t\t\t\t<figure class='gallery-item col-3'>\n\t\t\t\t\t\t<div class='gallery-icon '><a href='https:\/\/carnea.cz\/?attachment_id=3316'><img loading=\"lazy\" decoding=\"async\" width=\"150\" height=\"150\" src=\"https:\/\/carnea.cz\/wp-content\/uploads\/2016\/10\/IMG_5251-1-150x150.jpg\" class=\"attachment-thumbnail size-thumbnail\" alt=\"\" \/><\/a><\/div>\n\t\t\t\t\t<\/figure>\n\t\t\t\t\t<figure class='gallery-item col-3'>\n\t\t\t\t\t\t<div class='gallery-icon '><a href='https:\/\/carnea.cz\/?attachment_id=3317'><img loading=\"lazy\" decoding=\"async\" width=\"150\" height=\"150\" src=\"https:\/\/carnea.cz\/wp-content\/uploads\/2016\/10\/IMG_5254-150x150.jpg\" class=\"attachment-thumbnail size-thumbnail\" alt=\"\" \/><\/a><\/div>\n\t\t\t\t\t<\/figure>\n\t\t\t\t<\/div>\n\t\t\t\t<div class='gallery-row gallery-col-3 gallery-clear'>\n\t\t\t\t\t<figure class='gallery-item col-3'>\n\t\t\t\t\t\t<div class='gallery-icon '><a href='https:\/\/carnea.cz\/?attachment_id=3318'><img loading=\"lazy\" decoding=\"async\" width=\"150\" height=\"150\" src=\"https:\/\/carnea.cz\/wp-content\/uploads\/2016\/10\/IMG_5255-150x150.jpg\" class=\"attachment-thumbnail size-thumbnail\" alt=\"\" \/><\/a><\/div>\n\t\t\t\t\t<\/figure>\n\t\t\t\t\t<figure class='gallery-item col-3'>\n\t\t\t\t\t\t<div class='gallery-icon '><a href='https:\/\/carnea.cz\/?attachment_id=3319'><img loading=\"lazy\" decoding=\"async\" width=\"150\" height=\"150\" src=\"https:\/\/carnea.cz\/wp-content\/uploads\/2016\/10\/IMG_5256-150x150.jpg\" class=\"attachment-thumbnail size-thumbnail\" alt=\"\" \/><\/a><\/div>\n\t\t\t\t\t<\/figure>\n\t\t\t\t\t<figure class='gallery-item col-3'>\n\t\t\t\t\t\t<div class='gallery-icon '><a href='https:\/\/carnea.cz\/?attachment_id=3320'><img loading=\"lazy\" decoding=\"async\" width=\"150\" height=\"150\" src=\"https:\/\/carnea.cz\/wp-content\/uploads\/2016\/10\/IMG_5262-150x150.jpg\" class=\"attachment-thumbnail size-thumbnail\" alt=\"\" \/><\/a><\/div>\n\t\t\t\t\t<\/figure>\n\t\t\t\t<\/div>\n\t\t\t\t<div class='gallery-row gallery-col-3 gallery-clear'>\n\t\t\t\t\t<figure class='gallery-item col-3'>\n\t\t\t\t\t\t<div class='gallery-icon '><a href='https:\/\/carnea.cz\/?attachment_id=3321'><img loading=\"lazy\" decoding=\"async\" width=\"150\" height=\"150\" src=\"https:\/\/carnea.cz\/wp-content\/uploads\/2016\/10\/IMG_5266-150x150.jpg\" class=\"attachment-thumbnail size-thumbnail\" alt=\"\" \/><\/a><\/div>\n\t\t\t\t\t<\/figure>\n\t\t\t\t\t<figure class='gallery-item col-3'>\n\t\t\t\t\t\t<div class='gallery-icon '><a href='https:\/\/carnea.cz\/?attachment_id=3322'><img loading=\"lazy\" decoding=\"async\" width=\"150\" height=\"150\" src=\"https:\/\/carnea.cz\/wp-content\/uploads\/2016\/10\/IMG_5273-150x150.jpg\" class=\"attachment-thumbnail size-thumbnail\" alt=\"\" \/><\/a><\/div>\n\t\t\t\t\t<\/figure>\n\t\t\t<\/div>\n\t\t\t<\/div><!-- .gallery -->\n\n","protected":false},"excerpt":{"rendered":"<p>10.10. 2016 se mamince Evi\u010dce Cavia Carnea a tat\u00ednkovi Leon Cavia Carnea narodil vrh L8. Evi\u010dka je prvorodi\u010dka, ale moc \u0161ikovn\u00e1 a miminka m\u00e1 p\u011bkn\u00e1,&#8230;<\/p>\n","protected":false},"author":1,"featured_media":0,"comment_status":"open","ping_status":"open","sticky":false,"template":"","format":"standard","meta":{"footnotes":""},"categories":[23],"tags":[],"class_list":["post-3272","post","type-post","status-publish","format-standard","hentry","category-narozene-vrhy"],"_links":{"self":[{"href":"https:\/\/carnea.cz\/index.php?rest_route=\/wp\/v2\/posts\/3272","targetHints":{"allow":["GET"]}}],"collection":[{"href":"https:\/\/carnea.cz\/index.php?rest_route=\/wp\/v2\/posts"}],"about":[{"href":"https:\/\/carnea.cz\/index.php?rest_route=\/wp\/v2\/types\/post"}],"author":[{"embeddable":true,"href":"https:\/\/carnea.cz\/index.php?rest_route=\/wp\/v2\/users\/1"}],"replies":[{"embeddable":true,"href":"https:\/\/carnea.cz\/index.php?rest_route=%2Fwp%2Fv2%2Fcomments&post=3272"}],"version-history":[{"count":2,"href":"https:\/\/carnea.cz\/index.php?rest_route=\/wp\/v2\/posts\/3272\/revisions"}],"predecessor-version":[{"id":3323,"href":"https:\/\/carnea.cz\/index.php?rest_route=\/wp\/v2\/posts\/3272\/revisions\/3323"}],"wp:attachment":[{"href":"https:\/\/carnea.cz\/index.php?rest_route=%2Fwp%2Fv2%2Fmedia&parent=3272"}],"wp:term":[{"taxonomy":"category","embeddable":true,"href":"https:\/\/carnea.cz\/index.php?rest_route=%2Fwp%2Fv2%2Fcategories&post=3272"},{"taxonomy":"post_tag","embeddable":true,"href":"https:\/\/carnea.cz\/index.php?rest_route=%2Fwp%2Fv2%2Ftags&post=3272"}],"curies":[{"name":"wp","href":"https:\/\/api.w.org\/{rel}","templated":true}]}}