{"id":1594,"date":"2015-08-01T06:17:51","date_gmt":"2015-08-01T06:17:51","guid":{"rendered":"http:\/\/carnea.cz\/?p=1594"},"modified":"2015-08-01T06:17:51","modified_gmt":"2015-08-01T06:17:51","slug":"zanedbane-novinky-pozdravy-z-novych-domovu","status":"publish","type":"post","link":"https:\/\/carnea.cz\/?p=1594","title":{"rendered":"Zanedban\u00e9 novinky &#8211; pozdravy z nov\u00fdch domov\u016f!"},"content":{"rendered":"<p>A proto\u017ee jako v\u017edy dlouhodob\u011b zanedb\u00e1v\u00e1m celou aktualizaci, nashrom\u00e1\u017edila se mi sousta kr\u00e1sn\u00fdch fotek z nov\u00fdch domov\u016f. Za v\u0161echny moc d\u011bkujeme jsme r\u00e1di, \u017ee se Carne\u00e1tk\u016fm tak da\u0159\u00ed :-)!<\/p>\n\n\t\t\t<div id='gallery-1594-1' class='gallery gallery-1594'>\n\t\t\t\t<div class='gallery-row gallery-col-3 gallery-clear'>\n\t\t\t\t\t<figure class='gallery-item col-3'>\n\t\t\t\t\t\t<div class='gallery-icon '><a href='https:\/\/carnea.cz\/?attachment_id=1595'><img loading=\"lazy\" decoding=\"async\" width=\"150\" height=\"150\" src=\"https:\/\/carnea.cz\/wp-content\/uploads\/2015\/08\/Va\u0161\u00edk-1-150x150.jpg\" class=\"attachment-thumbnail size-thumbnail\" alt=\"\" \/><\/a><\/div>\n\t\t\t\t\t<\/figure>\n\t\t\t\t\t<figure class='gallery-item col-3'>\n\t\t\t\t\t\t<div class='gallery-icon '><a href='https:\/\/carnea.cz\/?attachment_id=1596'><img loading=\"lazy\" decoding=\"async\" width=\"150\" height=\"150\" src=\"https:\/\/carnea.cz\/wp-content\/uploads\/2015\/08\/Va\u0161\u00edk-2-150x150.jpg\" class=\"attachment-thumbnail size-thumbnail\" alt=\"\" \/><\/a><\/div>\n\t\t\t\t\t<\/figure>\n\t\t\t\t\t<figure class='gallery-item col-3'>\n\t\t\t\t\t\t<div class='gallery-icon '><a href='https:\/\/carnea.cz\/?attachment_id=1597'><img loading=\"lazy\" decoding=\"async\" width=\"150\" height=\"150\" src=\"https:\/\/carnea.cz\/wp-content\/uploads\/2015\/08\/Va\u0161\u00edk-3-150x150.jpg\" class=\"attachment-thumbnail size-thumbnail\" alt=\"\" \/><\/a><\/div>\n\t\t\t\t\t<\/figure>\n\t\t\t\t<\/div>\n\t\t\t<\/div><!-- .gallery -->\n\n<p>Pozdrav z proch\u00e1zky po venku zaslal Va\u0161\u00edk z Plzn\u011b, klu\u010d\u00edk fantasticky vyrostl a je z n\u011bj kus chlapa!<\/p>\n\n\t\t\t<div id='gallery-1594-2' class='gallery gallery-1594'>\n\t\t\t\t<div class='gallery-row gallery-col-3 gallery-clear'>\n\t\t\t\t\t<figure class='gallery-item col-3'>\n\t\t\t\t\t\t<div class='gallery-icon '><a href='https:\/\/carnea.cz\/?attachment_id=1598'><img loading=\"lazy\" decoding=\"async\" width=\"150\" height=\"150\" src=\"https:\/\/carnea.cz\/wp-content\/uploads\/2015\/08\/Edmont-1-150x150.jpg\" class=\"attachment-thumbnail size-thumbnail\" alt=\"\" \/><\/a><\/div>\n\t\t\t\t\t<\/figure>\n\t\t\t\t\t<figure class='gallery-item col-3'>\n\t\t\t\t\t\t<div class='gallery-icon '><a href='https:\/\/carnea.cz\/?attachment_id=1599'><img loading=\"lazy\" decoding=\"async\" width=\"150\" height=\"150\" src=\"https:\/\/carnea.cz\/wp-content\/uploads\/2015\/08\/Edmont-2-150x150.jpg\" class=\"attachment-thumbnail size-thumbnail\" alt=\"\" \/><\/a><\/div>\n\t\t\t\t\t<\/figure>\n\t\t\t<\/div>\n\t\t\t<\/div><!-- .gallery -->\n\n<p>Dal\u0161\u00ed pozdrav zas\u00edl\u00e1 Edmont z dovolen\u00e9, tady mi nejde nep\u0159ipsat, \u017ee s drobn\u00fdm p\u0159imhou\u0159en\u00edm oka vid\u00edm cel\u00e9ho t\u00e1tu Faguse :-)!<\/p>\n\n\t\t\t<div id='gallery-1594-3' class='gallery gallery-1594'>\n\t\t\t\t<div class='gallery-row gallery-col-3 gallery-clear'>\n\t\t\t\t\t<figure class='gallery-item col-3'>\n\t\t\t\t\t\t<div class='gallery-icon '><a href='https:\/\/carnea.cz\/?attachment_id=1600'><img loading=\"lazy\" decoding=\"async\" width=\"150\" height=\"150\" src=\"https:\/\/carnea.cz\/wp-content\/uploads\/2015\/08\/Era-1-150x150.jpg\" class=\"attachment-thumbnail size-thumbnail\" alt=\"\" \/><\/a><\/div>\n\t\t\t\t\t<\/figure>\n\t\t\t\t\t<figure class='gallery-item col-3'>\n\t\t\t\t\t\t<div class='gallery-icon '><a href='https:\/\/carnea.cz\/?attachment_id=1601'><img loading=\"lazy\" decoding=\"async\" width=\"150\" height=\"150\" src=\"https:\/\/carnea.cz\/wp-content\/uploads\/2015\/08\/Era-2-150x150.jpg\" class=\"attachment-thumbnail size-thumbnail\" alt=\"\" \/><\/a><\/div>\n\t\t\t\t\t<\/figure>\n\t\t\t\t\t<figure class='gallery-item col-3'>\n\t\t\t\t\t\t<div class='gallery-icon '><a href='https:\/\/carnea.cz\/?attachment_id=1602'><img loading=\"lazy\" decoding=\"async\" width=\"150\" height=\"150\" src=\"https:\/\/carnea.cz\/wp-content\/uploads\/2015\/08\/Era-3-150x150.jpg\" class=\"attachment-thumbnail size-thumbnail\" alt=\"\" \/><\/a><\/div>\n\t\t\t\t\t<\/figure>\n\t\t\t\t<\/div>\n\t\t\t<\/div><!-- .gallery -->\n\n<p>Z Litom\u011b\u0159ic n\u00e1s pan\u00ed Maru\u0161ka pravideln\u011b z\u00e1sobuje \u010derstv\u00fdmi informacemi, co \u017ee d\u011bl\u00e1 ta jej\u00ed sme\u010dka :-). Tady jsou fotky po Erant\u00edkov\u011b kastraci.\u00a0\u00a0I kdy\u017e od majitelky v\u00edm, \u017ee po z\u00e1kroku nastaly drobn\u00e9 komplikace, tak v\u0161e je\u00a0ji\u017e napraveno a zapomenuto \ud83d\ude42 a Erant\u00edk si obstar\u00e1v\u00e1 sv\u016fj har\u00e9m dnes u\u017e 3 holek a m\u00e1 se jak pa\u0161a! P\u016fvodn\u00ed obyvatelky Bar\u010da s Apolenkou si toti\u017e za \u017e\u00e1dnou cenu necht\u011bly rozum\u011bt s Konvalinkou, kter\u00e1 do sme\u010dky p\u0159icestovala spole\u010dn\u011b s Erant\u00edkem a holky se prachsprost\u011b praly. I to ale poda\u0159ilo zvl\u00e1dnout a te\u010f bydl\u00ed nov\u011b v\u0161ichni 4 spolu.<\/p>\n<p><a href=\"http:\/\/carnea.cz\/wp-content\/uploads\/2015\/08\/Jeseniky-2015.jpg\"><img loading=\"lazy\" decoding=\"async\" class=\"aligncenter size-medium wp-image-1603\" src=\"http:\/\/carnea.cz\/wp-content\/uploads\/2015\/08\/Jeseniky-2015-300x199.jpg\" alt=\"Jeseniky 2015\" width=\"300\" height=\"199\" srcset=\"https:\/\/carnea.cz\/wp-content\/uploads\/2015\/08\/Jeseniky-2015-300x199.jpg 300w, https:\/\/carnea.cz\/wp-content\/uploads\/2015\/08\/Jeseniky-2015.jpg 723w\" sizes=\"auto, (max-width: 300px) 100vw, 300px\" \/><\/a><\/p>\n<p>A kone\u010dn\u011b jako posledn\u00ed p\u0159id\u00e1v\u00e1m fotku Tedd\u00edka\u00a0 Max\u00edka, kluci byli se sv\u00fdmi p\u00e1n\u00edky na dovolen\u00e9!<\/p>\n<p>Tak a proto\u017ee se p\u0159izn\u00e1v\u00e1m, \u017ee si nejsem zcela jist\u00e1, zda jsem na n\u011bkoho nezapomn\u011bla (jako\u017ee asi ano), tak klidn\u011b do m\u011b \ud83d\ude42 a pos\u00edlejte d\u00e1l obr\u00e1zky a zpr\u00e1vi\u010dky. I kdy\u017e to tak n\u011bkdy nevypad\u00e1, v\u0161e samoz\u0159ejm\u011b pe\u010dliv\u011b sleduju! Jen ten p\u0159enos k pod\u011blen\u00ed se s ostatn\u00edmi na webu pon\u011bkud selh\u00e1v\u00e1 :-(. Holt jako webmaster bych se neu\u017eivila.<\/p>\n","protected":false},"excerpt":{"rendered":"<p>A proto\u017ee jako v\u017edy dlouhodob\u011b zanedb\u00e1v\u00e1m celou aktualizaci, nashrom\u00e1\u017edila se mi sousta kr\u00e1sn\u00fdch fotek z nov\u00fdch domov\u016f. Za v\u0161echny moc d\u011bkujeme jsme r\u00e1di, \u017ee se&#8230;<\/p>\n","protected":false},"author":1,"featured_media":0,"comment_status":"open","ping_status":"open","sticky":false,"template":"","format":"standard","meta":{"footnotes":""},"categories":[2],"tags":[],"class_list":["post-1594","post","type-post","status-publish","format-standard","hentry","category-novinky"],"_links":{"self":[{"href":"https:\/\/carnea.cz\/index.php?rest_route=\/wp\/v2\/posts\/1594","targetHints":{"allow":["GET"]}}],"collection":[{"href":"https:\/\/carnea.cz\/index.php?rest_route=\/wp\/v2\/posts"}],"about":[{"href":"https:\/\/carnea.cz\/index.php?rest_route=\/wp\/v2\/types\/post"}],"author":[{"embeddable":true,"href":"https:\/\/carnea.cz\/index.php?rest_route=\/wp\/v2\/users\/1"}],"replies":[{"embeddable":true,"href":"https:\/\/carnea.cz\/index.php?rest_route=%2Fwp%2Fv2%2Fcomments&post=1594"}],"version-history":[{"count":1,"href":"https:\/\/carnea.cz\/index.php?rest_route=\/wp\/v2\/posts\/1594\/revisions"}],"predecessor-version":[{"id":1604,"href":"https:\/\/carnea.cz\/index.php?rest_route=\/wp\/v2\/posts\/1594\/revisions\/1604"}],"wp:attachment":[{"href":"https:\/\/carnea.cz\/index.php?rest_route=%2Fwp%2Fv2%2Fmedia&parent=1594"}],"wp:term":[{"taxonomy":"category","embeddable":true,"href":"https:\/\/carnea.cz\/index.php?rest_route=%2Fwp%2Fv2%2Fcategories&post=1594"},{"taxonomy":"post_tag","embeddable":true,"href":"https:\/\/carnea.cz\/index.php?rest_route=%2Fwp%2Fv2%2Ftags&post=1594"}],"curies":[{"name":"wp","href":"https:\/\/api.w.org\/{rel}","templated":true}]}}