{"id":1498,"date":"2015-06-06T07:06:35","date_gmt":"2015-06-06T07:06:35","guid":{"rendered":"http:\/\/carnea.cz\/?p=1498"},"modified":"2015-06-06T07:09:35","modified_gmt":"2015-06-06T07:09:35","slug":"novinky-k-zacatku-cervna","status":"publish","type":"post","link":"https:\/\/carnea.cz\/?p=1498","title":{"rendered":"Novinky k za\u010d\u00e1tku \u010dervna!"},"content":{"rendered":"<p>Novinek m\u00e1me velk\u00e9 hafo, v\u011bt\u0161ina sp\u00ed\u0161e p\u0159\u00edjemn\u00fdch, ale v\u017edy se najde n\u011bco, co nepot\u011b\u0161\u00ed.<\/p>\n<p>Za\u010dneme t\u00edm veselej\u0161\u00edm. V druh\u00e9 polovin\u011b kv\u011btna od n\u00e1s odcestoval Erant\u00edk &#8211; posledn\u00ed z klu\u010d\u00edk\u016f z na\u0161ich p\u016fvodn\u00edch barevn\u00fdch \u0159ad. Vydal se kousek od n\u00e1s &#8211; do Litom\u011b\u0159ic &#8211; umravnit hol\u010di\u010d\u00ed sme\u010dku, kter\u00e9 pr\u00e1v\u011b zem\u0159el st\u00e1vaj\u00edc\u00ed \u0161\u00e9f.\u00a0S sebou si vzal i jednu z na\u0161ich sami\u010dek &#8211; Konvalinku, aby holek nebylo m\u00e1lo :-).<\/p>\n<p>Z nov\u00e9ho domova u\u017e samoz\u0159ejm\u011b p\u0159il\u00e9tly fotky, za kter\u00e9 moc d\u011bkujeme.<\/p>\n\n\t\t\t<div id='gallery-1498-1' class='gallery gallery-1498'>\n\t\t\t\t<div class='gallery-row gallery-col-3 gallery-clear'>\n\t\t\t\t\t<figure class='gallery-item col-3'>\n\t\t\t\t\t\t<div class='gallery-icon '><a href='https:\/\/carnea.cz\/?attachment_id=1503'><img loading=\"lazy\" decoding=\"async\" width=\"150\" height=\"150\" src=\"https:\/\/carnea.cz\/wp-content\/uploads\/2015\/06\/IMG_06771-150x150.jpg\" class=\"attachment-thumbnail size-thumbnail\" alt=\"\" \/><\/a><\/div>\n\t\t\t\t\t<\/figure>\n\t\t\t\t\t<figure class='gallery-item col-3'>\n\t\t\t\t\t\t<div class='gallery-icon '><a href='https:\/\/carnea.cz\/?attachment_id=1504'><img loading=\"lazy\" decoding=\"async\" width=\"150\" height=\"150\" src=\"https:\/\/carnea.cz\/wp-content\/uploads\/2015\/06\/IMG_06781-150x150.jpg\" class=\"attachment-thumbnail size-thumbnail\" alt=\"\" \/><\/a><\/div>\n\t\t\t\t\t<\/figure>\n\t\t\t\t\t<figure class='gallery-item col-3'>\n\t\t\t\t\t\t<div class='gallery-icon '><a href='https:\/\/carnea.cz\/?attachment_id=1505'><img loading=\"lazy\" decoding=\"async\" width=\"150\" height=\"150\" src=\"https:\/\/carnea.cz\/wp-content\/uploads\/2015\/06\/IMG_06791-150x150.jpg\" class=\"attachment-thumbnail size-thumbnail\" alt=\"\" \/><\/a><\/div>\n\t\t\t\t\t<\/figure>\n\t\t\t\t<\/div>\n\t\t\t<\/div><!-- .gallery -->\n\n<p>Do konce kv\u011btna od n\u00e1s odcestovala tak\u00e9 v\u0161echna dubnov\u00e1 mim\u010da, tak a\u0165 se v nov\u00fdch domovech da\u0159\u00ed a samoz\u0159ejm\u011b, \u017ee info a fotky v\u017edy pot\u011b\u0161\u00ed! Z vrh\u016f narozen\u00fdch v kv\u011btnu nen\u00ed k prodeji nic, resp. vzhledem k tomu, \u017ee jedin\u00fd po\u010detn\u011bj\u0161\u00ed vrh m\u011bla Ocimka, tak jedin\u00e1\u010dci byli hned zadan\u00ed. Prvn\u00ed\u00a0k prodeji\u00a0bude dal\u0161\u00ed z \u0159ady jedin\u00e1\u010dk\u016f narozen\u00fd na za\u010d\u00e1tku \u010dervna &#8211; Charlie z vrhu Ch6. T\u00edm samoz\u0159ejm\u011b navazuji &#8211; p\u0159ibyly n\u00e1m dva vrhy, \u010dern\u00ed a \u010dern\u00ed tani po Ocimce a sko\u0159icov\u00fd agu\u0165\u00e1\u010dek po Betule. Dal\u0161\u00ed vrhy jsou v pl\u00e1nu &#8211; p\u0159es l\u00e9to jen sem tam n\u011bco, ale p\u0159esto. V\u011bt\u0161\u00ed boom bude pak na podzim.<\/p>\n<p><a href=\"http:\/\/carnea.cz\/wp-content\/uploads\/2015\/06\/H-s-m\u00e1mou-2.jpg\"><img loading=\"lazy\" decoding=\"async\" class=\"aligncenter size-medium wp-image-1501\" src=\"http:\/\/carnea.cz\/wp-content\/uploads\/2015\/06\/H-s-m\u00e1mou-2-300x225.jpg\" alt=\"H s m\u00e1mou 2\" width=\"300\" height=\"225\" srcset=\"https:\/\/carnea.cz\/wp-content\/uploads\/2015\/06\/H-s-m\u00e1mou-2-300x225.jpg 300w, https:\/\/carnea.cz\/wp-content\/uploads\/2015\/06\/H-s-m\u00e1mou-2.jpg 640w\" sizes=\"auto, (max-width: 300px) 100vw, 300px\" \/><\/a><\/p>\n<p><a href=\"http:\/\/carnea.cz\/wp-content\/uploads\/2015\/06\/IMG_22761.jpg\"><img loading=\"lazy\" decoding=\"async\" class=\"aligncenter size-medium wp-image-1502\" src=\"http:\/\/carnea.cz\/wp-content\/uploads\/2015\/06\/IMG_22761-300x225.jpg\" alt=\"IMG_2276\" width=\"300\" height=\"225\" srcset=\"https:\/\/carnea.cz\/wp-content\/uploads\/2015\/06\/IMG_22761-300x225.jpg 300w, https:\/\/carnea.cz\/wp-content\/uploads\/2015\/06\/IMG_22761.jpg 640w\" sizes=\"auto, (max-width: 300px) 100vw, 300px\" \/><\/a><\/p>\n<p>Bohu\u017eel jeden vrh se tak\u00e9 nepovedl, obrovsk\u00e9ho jedin\u00e1\u010dka porodila Tsuga, ml\u00e1d\u011b bylo po porodu mrtv\u00e9, z\u0159ejm\u011b atypicky vyvinut\u00e9 s nadbyte\u010dn\u00fdmi \u017eebry. Porod se protahoval, nakonec jsem musela\u00a0ml\u00e1d\u011b vyt\u00e1hnout sama z porodn\u00edch cest, proto\u017ee z\u016fstalo nap\u016fl zakl\u00edn\u011bn\u00e9, p\u0159i jeho d\u00e9lce se ani nen\u00ed \u010demu divit. Sami\u010dka se po porodu netv\u00e1\u0159ila moc vesele, ale snad m\u00e1 ji\u017e nejhor\u0161\u00ed za sebou.<img loading=\"lazy\" decoding=\"async\" class=\"aligncenter size-medium wp-image-1506\" src=\"http:\/\/carnea.cz\/wp-content\/uploads\/2015\/06\/000-300x225.jpg\" alt=\"000\" width=\"300\" height=\"225\" srcset=\"https:\/\/carnea.cz\/wp-content\/uploads\/2015\/06\/000-300x225.jpg 300w, https:\/\/carnea.cz\/wp-content\/uploads\/2015\/06\/000.jpg 640w\" sizes=\"auto, (max-width: 300px) 100vw, 300px\" \/>T\u00edm jsem asi vy\u010derpala ud\u00e1losti, co st\u00e1ly za zm\u00ednku a uvid\u00edme, co se seb\u011bhne d\u00e1le.<\/p>\n","protected":false},"excerpt":{"rendered":"<p>Novinek m\u00e1me velk\u00e9 hafo, v\u011bt\u0161ina sp\u00ed\u0161e p\u0159\u00edjemn\u00fdch, ale v\u017edy se najde n\u011bco, co nepot\u011b\u0161\u00ed. Za\u010dneme t\u00edm veselej\u0161\u00edm. V druh\u00e9 polovin\u011b kv\u011btna od n\u00e1s odcestoval Erant\u00edk&#8230;<\/p>\n","protected":false},"author":1,"featured_media":0,"comment_status":"open","ping_status":"open","sticky":false,"template":"","format":"standard","meta":{"footnotes":""},"categories":[2],"tags":[],"class_list":["post-1498","post","type-post","status-publish","format-standard","hentry","category-novinky"],"_links":{"self":[{"href":"https:\/\/carnea.cz\/index.php?rest_route=\/wp\/v2\/posts\/1498","targetHints":{"allow":["GET"]}}],"collection":[{"href":"https:\/\/carnea.cz\/index.php?rest_route=\/wp\/v2\/posts"}],"about":[{"href":"https:\/\/carnea.cz\/index.php?rest_route=\/wp\/v2\/types\/post"}],"author":[{"embeddable":true,"href":"https:\/\/carnea.cz\/index.php?rest_route=\/wp\/v2\/users\/1"}],"replies":[{"embeddable":true,"href":"https:\/\/carnea.cz\/index.php?rest_route=%2Fwp%2Fv2%2Fcomments&post=1498"}],"version-history":[{"count":5,"href":"https:\/\/carnea.cz\/index.php?rest_route=\/wp\/v2\/posts\/1498\/revisions"}],"predecessor-version":[{"id":1509,"href":"https:\/\/carnea.cz\/index.php?rest_route=\/wp\/v2\/posts\/1498\/revisions\/1509"}],"wp:attachment":[{"href":"https:\/\/carnea.cz\/index.php?rest_route=%2Fwp%2Fv2%2Fmedia&parent=1498"}],"wp:term":[{"taxonomy":"category","embeddable":true,"href":"https:\/\/carnea.cz\/index.php?rest_route=%2Fwp%2Fv2%2Fcategories&post=1498"},{"taxonomy":"post_tag","embeddable":true,"href":"https:\/\/carnea.cz\/index.php?rest_route=%2Fwp%2Fv2%2Ftags&post=1498"}],"curies":[{"name":"wp","href":"https:\/\/api.w.org\/{rel}","templated":true}]}}