{"id":7359,"date":"2026-05-03T12:33:37","date_gmt":"2026-05-03T12:33:37","guid":{"rendered":"https:\/\/carnea.cz\/?p=7359"},"modified":"2026-05-03T12:33:37","modified_gmt":"2026-05-03T12:33:37","slug":"co-dela-chovatel-o-volnem-vikendu","status":"publish","type":"post","link":"http:\/\/carnea.cz\/?p=7359","title":{"rendered":"Co d\u011bl\u00e1 chovatel o voln\u00e9m v\u00edkendu"},"content":{"rendered":"\n<p>Vzhledem k tomu, \u017ee mi dnes pod ruku p\u0159i\u0161el text\u00edk se zp\u0159\u00edsn\u011bn\u00edm pravidel pro chov ko\u010dek a ps\u016f v EU, cht\u011bla bych si p\u0159idat svou tro\u0161ku do ml\u00fdna :-). Mor\u010d\u00e1tka samoz\u0159ejm\u011b nejsou ani psi ani ko\u010dky a \u010dipov\u00e1n\u00ed se jich zat\u00edm net\u00fdk\u00e1, ani hl\u00e1\u0161en\u00ed p\u0159i po\u010dtu sami\u010dek v\u011bt\u0161\u00edch ne\u017e 5, jak se s t\u00edm po\u010d\u00edt\u00e1 u v\u011bt\u0161\u00edch dom\u00e1c\u00edch mazl\u00ed\u010dk\u016f. Ale syst\u00e9mov\u011b se zp\u0159\u00eds\u0148ov\u00e1n\u00edm pravidel naprosto souhlas\u00edm, by\u0165 to chovateli sv\u00fdm zp\u016fsobem zkomplikuje \u017eivot, v\u00fdznam pro omezen\u00ed \u010dinnosti subjekt\u016f, kter\u00e9 se chovu v\u011bnuj\u00ed pro pofid\u00e9rn\u00ed obohacen\u00ed a nebo z jin\u00fdch je\u0161t\u011b m\u00e9n\u011b pochopiteln\u00fdch p\u0159\u00ed\u010din to ur\u010dit\u011b m\u00e1. A jak \u0159\u00edk\u00e1m v\u0161em z\u00e1jemc\u016fm, osobn\u00ed odb\u011br mor\u010d\u00e1tek p\u0159\u00edmo v s\u00eddle chovatelsk\u00e9 stanice v\u017edy v\u00edt\u00e1m a oce\u0148uji. A Vy tak m\u00e1te mo\u017enost nahl\u00e9dnout do na\u0161eho z\u00e1zem\u00ed &#8211; a v\u011b\u0159te, \u017ee nic tajn\u00e9ho tam nen\u00ed.<\/p>\n\n\n\n<p>Abych nav\u00e1zala na titulek &#8211; mo\u017en\u00e1 tam m\u011blo st\u00e1t, co d\u011bl\u00e1m o voln\u00e9m v\u00edkendu j\u00e1. Tak tedy v\u011bzte, \u017ee kdy\u017e nerv\u00f3zn\u011b \u010dek\u00e1te, ne\u017e kone\u010dn\u011b odep\u00ed\u0161u na V\u00e1\u0161 po\u017eadavek a t\u011b\u0161\u00edte se na odpov\u011b\u010f a nebo vyhl\u00ed\u017e\u00edte dal\u0161\u00ed aktualizaci webu, j\u00e1 m\u00e1m ruce v pracovn\u00edch rukavic\u00edch a \u010dist\u00edm ubikace, vyn\u00e1\u0161\u00edm mor\u010d\u00e1tka ven, aby u\u017eila pobytu ve voln\u00e9m v\u00fdb\u011bhu nebo je nos\u00edm zp\u011bt dom\u016f. Nebo chyst\u00e1m krmen\u00ed a nebo ho teprve nakupuju ;-). A p\u0159esn\u011b tak to bylo i te\u010f, zat\u00edmco mor\u010d\u00e1ci r\u00e1no u\u017e\u00edvali slun\u00ed\u010dko ne\u017e se ud\u011blalo velk\u00e9 teplo, poklidila jsem jim ob\u00fdv\u00e1\u010dky, nachystala vybran\u00e9 laskominky a pak je p\u011bkn\u011b zase nanosila dom\u016f, aby mohli zbytek dne proleno\u0161it.<\/p>\n\n\n\n<figure class=\"wp-block-gallery has-nested-images columns-default is-cropped wp-block-gallery-1 is-layout-flex wp-block-gallery-is-layout-flex\">\n<figure class=\"wp-block-image size-large\"><img loading=\"lazy\" decoding=\"async\" width=\"1000\" height=\"563\" data-id=\"7360\" src=\"https:\/\/carnea.cz\/wp-content\/uploads\/2026\/05\/paseni-1.jpg\" alt=\"\" class=\"wp-image-7360\" srcset=\"http:\/\/carnea.cz\/wp-content\/uploads\/2026\/05\/paseni-1.jpg 1000w, http:\/\/carnea.cz\/wp-content\/uploads\/2026\/05\/paseni-1-300x169.jpg 300w, http:\/\/carnea.cz\/wp-content\/uploads\/2026\/05\/paseni-1-768x432.jpg 768w\" sizes=\"auto, (max-width: 1000px) 100vw, 1000px\" \/><\/figure>\n\n\n\n<figure class=\"wp-block-image size-large\"><img loading=\"lazy\" decoding=\"async\" width=\"1000\" height=\"563\" data-id=\"7361\" src=\"https:\/\/carnea.cz\/wp-content\/uploads\/2026\/05\/krmeni-rotated.jpg\" alt=\"\" class=\"wp-image-7361\" srcset=\"http:\/\/carnea.cz\/wp-content\/uploads\/2026\/05\/krmeni-rotated.jpg 1000w, http:\/\/carnea.cz\/wp-content\/uploads\/2026\/05\/krmeni-300x169.jpg 300w, http:\/\/carnea.cz\/wp-content\/uploads\/2026\/05\/krmeni-768x432.jpg 768w\" sizes=\"auto, (max-width: 1000px) 100vw, 1000px\" \/><\/figure>\n<\/figure>\n\n\n\n<div class=\"wp-block-columns is-layout-flex wp-container-core-columns-is-layout-9d6595d7 wp-block-columns-is-layout-flex\">\n<div class=\"wp-block-column is-layout-flow wp-block-column-is-layout-flow\" style=\"flex-basis:33.34%\">\n<figure class=\"wp-block-gallery has-nested-images columns-default is-cropped wp-block-gallery-2 is-layout-flex wp-block-gallery-is-layout-flex\">\n<figure class=\"wp-block-image size-large\"><img loading=\"lazy\" decoding=\"async\" width=\"563\" height=\"1000\" data-id=\"7365\" src=\"https:\/\/carnea.cz\/wp-content\/uploads\/2026\/05\/boxy-1.jpg\" alt=\"\" class=\"wp-image-7365\" srcset=\"http:\/\/carnea.cz\/wp-content\/uploads\/2026\/05\/boxy-1.jpg 563w, http:\/\/carnea.cz\/wp-content\/uploads\/2026\/05\/boxy-1-169x300.jpg 169w\" sizes=\"auto, (max-width: 563px) 100vw, 563px\" \/><\/figure>\n<\/figure>\n<\/div>\n\n\n\n<div class=\"wp-block-column is-layout-flow wp-block-column-is-layout-flow\" style=\"flex-basis:33.33%\"><\/div>\n\n\n\n<div class=\"wp-block-column is-layout-flow wp-block-column-is-layout-flow\" style=\"flex-basis:33.33%\"><\/div>\n<\/div>\n\n\n\n<p>A proto\u017ee jsem u\u017e ukazovala na webu i na\u0161\u00ed fenku, p\u0159id\u00e1v\u00e1m p\u00e1r fotek z b\u00e1je\u010dn\u00fdch proch\u00e1zek, kter\u00e9 jsme si te\u010f moc u\u017eili. Mimochodem ta\u0159ice ze v\u0161ech \u010dedi\u010dov\u00fdch skal, kter\u00e9 m\u00e1me v okol\u00ed, u\u017e odkv\u00e9t\u00e1. Tak\u017ee kdo by cht\u011bl vid\u011bt \u017elut\u011b kv\u00e9st sk\u00e1lu, tak sp\u00ed\u0161 u\u017e asi zase za rok. <\/p>\n\n\n\n<figure class=\"wp-block-image size-full\"><img loading=\"lazy\" decoding=\"async\" width=\"1000\" height=\"563\" src=\"http:\/\/carnea.cz\/wp-content\/uploads\/2026\/05\/Di3.jpg\" alt=\"\" class=\"wp-image-7367\" srcset=\"http:\/\/carnea.cz\/wp-content\/uploads\/2026\/05\/Di3.jpg 1000w, http:\/\/carnea.cz\/wp-content\/uploads\/2026\/05\/Di3-300x169.jpg 300w, http:\/\/carnea.cz\/wp-content\/uploads\/2026\/05\/Di3-768x432.jpg 768w\" sizes=\"auto, (max-width: 1000px) 100vw, 1000px\" \/><\/figure>\n\n\n\n<figure class=\"wp-block-image size-full\"><img loading=\"lazy\" decoding=\"async\" width=\"1000\" height=\"563\" src=\"https:\/\/carnea.cz\/wp-content\/uploads\/2026\/05\/Di1.jpg\" alt=\"\" class=\"wp-image-7368\" srcset=\"http:\/\/carnea.cz\/wp-content\/uploads\/2026\/05\/Di1.jpg 1000w, http:\/\/carnea.cz\/wp-content\/uploads\/2026\/05\/Di1-300x169.jpg 300w, http:\/\/carnea.cz\/wp-content\/uploads\/2026\/05\/Di1-768x432.jpg 768w\" sizes=\"auto, (max-width: 1000px) 100vw, 1000px\" \/><\/figure>\n\n\n\n<figure class=\"wp-block-image size-full\"><img loading=\"lazy\" decoding=\"async\" width=\"1000\" height=\"563\" src=\"https:\/\/carnea.cz\/wp-content\/uploads\/2026\/05\/Di2.jpg\" alt=\"\" class=\"wp-image-7371\" srcset=\"http:\/\/carnea.cz\/wp-content\/uploads\/2026\/05\/Di2.jpg 1000w, http:\/\/carnea.cz\/wp-content\/uploads\/2026\/05\/Di2-300x169.jpg 300w, http:\/\/carnea.cz\/wp-content\/uploads\/2026\/05\/Di2-768x432.jpg 768w\" sizes=\"auto, (max-width: 1000px) 100vw, 1000px\" \/><\/figure>\n\n\n\n<p><\/p>\n","protected":false},"excerpt":{"rendered":"<p>Vzhledem k tomu, \u017ee mi dnes pod ruku p\u0159i\u0161el text\u00edk se zp\u0159\u00edsn\u011bn\u00edm pravidel pro chov ko\u010dek a ps\u016f v EU, cht\u011bla bych si p\u0159idat svou&#8230;<\/p>\n","protected":false},"author":1,"featured_media":7361,"comment_status":"closed","ping_status":"closed","sticky":false,"template":"","format":"standard","meta":{"footnotes":""},"categories":[2],"tags":[],"class_list":["post-7359","post","type-post","status-publish","format-standard","has-post-thumbnail","hentry","category-novinky"],"_links":{"self":[{"href":"http:\/\/carnea.cz\/index.php?rest_route=\/wp\/v2\/posts\/7359","targetHints":{"allow":["GET"]}}],"collection":[{"href":"http:\/\/carnea.cz\/index.php?rest_route=\/wp\/v2\/posts"}],"about":[{"href":"http:\/\/carnea.cz\/index.php?rest_route=\/wp\/v2\/types\/post"}],"author":[{"embeddable":true,"href":"http:\/\/carnea.cz\/index.php?rest_route=\/wp\/v2\/users\/1"}],"replies":[{"embeddable":true,"href":"http:\/\/carnea.cz\/index.php?rest_route=%2Fwp%2Fv2%2Fcomments&post=7359"}],"version-history":[{"count":6,"href":"http:\/\/carnea.cz\/index.php?rest_route=\/wp\/v2\/posts\/7359\/revisions"}],"predecessor-version":[{"id":7372,"href":"http:\/\/carnea.cz\/index.php?rest_route=\/wp\/v2\/posts\/7359\/revisions\/7372"}],"wp:featuredmedia":[{"embeddable":true,"href":"http:\/\/carnea.cz\/index.php?rest_route=\/wp\/v2\/media\/7361"}],"wp:attachment":[{"href":"http:\/\/carnea.cz\/index.php?rest_route=%2Fwp%2Fv2%2Fmedia&parent=7359"}],"wp:term":[{"taxonomy":"category","embeddable":true,"href":"http:\/\/carnea.cz\/index.php?rest_route=%2Fwp%2Fv2%2Fcategories&post=7359"},{"taxonomy":"post_tag","embeddable":true,"href":"http:\/\/carnea.cz\/index.php?rest_route=%2Fwp%2Fv2%2Ftags&post=7359"}],"curies":[{"name":"wp","href":"https:\/\/api.w.org\/{rel}","templated":true}]}}