{"id":7027,"date":"2023-05-17T13:14:50","date_gmt":"2023-05-17T13:14:50","guid":{"rendered":"http:\/\/carnea.cz\/?p=7027"},"modified":"2023-05-18T05:58:12","modified_gmt":"2023-05-18T05:58:12","slug":"sen-o-sedych-holubickach-aneb-nadeje-umira-posledni","status":"publish","type":"post","link":"http:\/\/carnea.cz\/?p=7027","title":{"rendered":"Sen o \u0161ed\u00fdch holubi\u010dk\u00e1ch aneb nad\u011bje um\u00edr\u00e1 posledn\u00ed"},"content":{"rendered":"\n<p>Po del\u0161\u00ed dob\u011b se u n\u00e1s narodily 3 vrhy miminek, kter\u00e9 jsou n\u011b\u010d\u00edm zvl\u00e1\u0161tn\u00ed a v\u00fdjime\u010dn\u00e9.  P\u0159ed p\u00e1r lety se mi zrodil v hlav\u011b bl\u00e1hov\u00fd n\u00e1pad :-). M\u011bl podobu kresbov\u00e9ho mor\u010d\u00e1tka v kr\u00e1sn\u00e9 holubi\u010d\u00ed \u0161ed\u00e9 barv\u011b s pomeran\u010dovou kresbou a \u010derven\u00fdmi o\u010di\u010dky. Jak moc byl tento sen bl\u00e1hov\u00fd, to asi nejl\u00e9pe vystihuje fakt, \u017ee takov\u00e1 mor\u010d\u00e1tka u n\u00e1s nikde nikdo nechoval, nem\u011bl, neukazoval, nedala se koupit ani zamluvit&#8230;Ostatn\u011b ono to nejde ani dnes. Rozhl\u00ed\u017eela jsem se po zahrani\u010dn\u00edch chovatel\u00edch, tam by se n\u011bco m\u00e1lo barevn\u011b alespo\u0148 p\u0159\u00edbuzn\u00e9ho na\u0161lo, ale jak na potvoru byly chovy v t\u00e9to barv\u011b ji\u017e ukon\u010den\u00e9 nebo vzd\u00e1len\u00e9 tis\u00edce kilometr\u016f. Ale sen si st\u00e1le d\u00e1l \u017eil sv\u00fdm vlastn\u00edm \u017eivotem&#8230;<\/p>\n\n\n\n<p>Nejsem profesion\u00e1ln\u00ed chovatel, chod\u00edm do zam\u011bstn\u00e1n\u00ed, kter\u00e9 m\u011b \u010dasov\u011b  dost vyt\u011b\u017euje. Nem\u00e1m doma stovky mor\u010dat, star\u00e1m se o n\u011b v\u00edcem\u00e9n\u011b sama, \u017e\u00e1dn\u00e9 pomocn\u00e9 ruce tu pro m\u011b nejsou. Nezbavuji se zv\u00ed\u0159at v seniorsk\u00e9m v\u011bku, maj\u00ed pr\u00e1vo tu s n\u00e1mi b\u00fdt tak dlouho, jak jim bylo nad\u011bleno. Doba posledn\u00ed roky nep\u0159\u00e1la ni\u010demu p\u011bkn\u00e9mu, jen co jsme se tak n\u011bjak vyhrabali z Covidu a p\u0159\u00edsn\u00fdch nebo n\u011bkdy snad sp\u00ed\u0161 zoufal\u00fdch opat\u0159en\u00ed, spadli jsme z bl\u00e1ta do lou\u017ee do bl\u00e1hov\u00e9 a \u0161\u00edlen\u011b smutn\u00e9 zbyte\u010dn\u00e9 v\u00e1lky, jej\u00ed\u017e st\u00edn je tu st\u00e1le nad n\u00e1mi. V\u0161echny tyhle skute\u010dnosti se prom\u00edtaj\u00ed do \u017eivota n\u00e1m v\u0161em, chovatelstv\u00ed nen\u00ed u\u0161et\u0159eno&#8230; Ale sen si st\u00e1le d\u00e1l \u017eil sv\u00fdm vlastn\u00edm \u017eivotem&#8230;<\/p>\n\n\n\n<figure class=\"wp-block-image\"><img loading=\"lazy\" decoding=\"async\" width=\"1024\" height=\"576\" src=\"https:\/\/carnea.cz\/wp-content\/uploads\/2023\/05\/Ctirad-1024x576.jpg\" alt=\"\" class=\"wp-image-7029\" srcset=\"http:\/\/carnea.cz\/wp-content\/uploads\/2023\/05\/Ctirad-1024x576.jpg 1024w, http:\/\/carnea.cz\/wp-content\/uploads\/2023\/05\/Ctirad-300x169.jpg 300w, http:\/\/carnea.cz\/wp-content\/uploads\/2023\/05\/Ctirad-768x432.jpg 768w, http:\/\/carnea.cz\/wp-content\/uploads\/2023\/05\/Ctirad.jpg 1632w\" sizes=\"auto, (max-width: 1024px) 100vw, 1024px\" \/><\/figure>\n\n\n\n<p>Sen o sme\u010dce lilat\u011b \u0161ed\u00fdch mor\u010d\u00e1tek s kr\u00e1snou pomeran\u010dov\u011b oran\u017eovou kresbou a \u010derven\u00fdmi o\u010dky, ten sen st\u00e1le \u017eil. <\/p>\n\n\n\n<p>A tak kdy\u017e jsem se cel\u00fd leden p\u0159esv\u011bd\u010dovala o tom, \u017ee letos opravdu m\u00e1m ty vrhy ud\u011blat, \u017ee na sen nem\u00e1m rezignovat, \u017ee Covid u\u017e nebude a \u017ee zelenina u\u017e nezdra\u017e\u00ed :-(, dalo mi to dost pr\u00e1ce. Nakonec jsem zav\u0159ela o\u010di a ty prvn\u00ed p\u00e1ry slo\u017eila.  Tady je m\u00e1te v cel\u00e9 sv\u00e9 kr\u00e1se. <\/p>\n\n\n\n<ul class=\"wp-block-gallery columns-1 is-cropped wp-block-gallery-1 is-layout-flex wp-block-gallery-is-layout-flex\"><li class=\"blocks-gallery-item\"><figure><img loading=\"lazy\" decoding=\"async\" width=\"1024\" height=\"576\" src=\"https:\/\/carnea.cz\/wp-content\/uploads\/2023\/05\/A-rodi\u010de-5_5-1-1024x576.jpg\" alt=\"\" data-id=\"7031\" data-link=\"https:\/\/carnea.cz\/?attachment_id=7031\" class=\"wp-image-7031\" srcset=\"http:\/\/carnea.cz\/wp-content\/uploads\/2023\/05\/A-rodi\u010de-5_5-1-1024x576.jpg 1024w, http:\/\/carnea.cz\/wp-content\/uploads\/2023\/05\/A-rodi\u010de-5_5-1-300x169.jpg 300w, http:\/\/carnea.cz\/wp-content\/uploads\/2023\/05\/A-rodi\u010de-5_5-1-768x432.jpg 768w, http:\/\/carnea.cz\/wp-content\/uploads\/2023\/05\/A-rodi\u010de-5_5-1.jpg 1632w\" sizes=\"auto, (max-width: 1024px) 100vw, 1024px\" \/><figcaption>Rodi\u010de vrhu A<\/figcaption><\/figure><\/li><li class=\"blocks-gallery-item\"><figure><img loading=\"lazy\" decoding=\"async\" width=\"1024\" height=\"576\" src=\"https:\/\/carnea.cz\/wp-content\/uploads\/2023\/05\/B-rodi\u010de-7_5-1-1024x576.jpg\" alt=\"\" data-id=\"7032\" data-link=\"https:\/\/carnea.cz\/?attachment_id=7032\" class=\"wp-image-7032\" srcset=\"http:\/\/carnea.cz\/wp-content\/uploads\/2023\/05\/B-rodi\u010de-7_5-1-1024x576.jpg 1024w, http:\/\/carnea.cz\/wp-content\/uploads\/2023\/05\/B-rodi\u010de-7_5-1-300x169.jpg 300w, http:\/\/carnea.cz\/wp-content\/uploads\/2023\/05\/B-rodi\u010de-7_5-1-768x432.jpg 768w, http:\/\/carnea.cz\/wp-content\/uploads\/2023\/05\/B-rodi\u010de-7_5-1.jpg 1632w\" sizes=\"auto, (max-width: 1024px) 100vw, 1024px\" \/><figcaption>Rodi\u010de vrhu B<\/figcaption><\/figure><\/li><li class=\"blocks-gallery-item\"><figure><img loading=\"lazy\" decoding=\"async\" width=\"1024\" height=\"576\" src=\"https:\/\/carnea.cz\/wp-content\/uploads\/2023\/05\/C-rodi\u010de-10_5-1-1024x576.jpg\" alt=\"\" data-id=\"7033\" data-link=\"https:\/\/carnea.cz\/?attachment_id=7033\" class=\"wp-image-7033\" srcset=\"http:\/\/carnea.cz\/wp-content\/uploads\/2023\/05\/C-rodi\u010de-10_5-1-1024x576.jpg 1024w, http:\/\/carnea.cz\/wp-content\/uploads\/2023\/05\/C-rodi\u010de-10_5-1-300x169.jpg 300w, http:\/\/carnea.cz\/wp-content\/uploads\/2023\/05\/C-rodi\u010de-10_5-1-768x432.jpg 768w, http:\/\/carnea.cz\/wp-content\/uploads\/2023\/05\/C-rodi\u010de-10_5-1.jpg 1632w\" sizes=\"auto, (max-width: 1024px) 100vw, 1024px\" \/><figcaption>Rodi\u010de vrhu C<\/figcaption><\/figure><\/li><\/ul>\n\n\n\n<ul class=\"wp-block-gallery columns-1 is-cropped wp-block-gallery-2 is-layout-flex wp-block-gallery-is-layout-flex\"><li class=\"blocks-gallery-item\"><figure><img loading=\"lazy\" decoding=\"async\" width=\"1024\" height=\"576\" src=\"https:\/\/carnea.cz\/wp-content\/uploads\/2023\/05\/A-s-m\u00e1mou-1024x576.jpg\" alt=\"\" data-id=\"7034\" data-link=\"https:\/\/carnea.cz\/?attachment_id=7034\" class=\"wp-image-7034\" srcset=\"http:\/\/carnea.cz\/wp-content\/uploads\/2023\/05\/A-s-m\u00e1mou-1024x576.jpg 1024w, http:\/\/carnea.cz\/wp-content\/uploads\/2023\/05\/A-s-m\u00e1mou-300x169.jpg 300w, http:\/\/carnea.cz\/wp-content\/uploads\/2023\/05\/A-s-m\u00e1mou-768x432.jpg 768w, http:\/\/carnea.cz\/wp-content\/uploads\/2023\/05\/A-s-m\u00e1mou.jpg 1632w\" sizes=\"auto, (max-width: 1024px) 100vw, 1024px\" \/><figcaption>Mim\u010da A s m\u00e1mou<\/figcaption><\/figure><\/li><li class=\"blocks-gallery-item\"><figure><img loading=\"lazy\" decoding=\"async\" width=\"1024\" height=\"576\" src=\"https:\/\/carnea.cz\/wp-content\/uploads\/2023\/05\/B-s-m\u00e1mou-1024x576.jpg\" alt=\"\" data-id=\"7035\" data-link=\"https:\/\/carnea.cz\/?attachment_id=7035\" class=\"wp-image-7035\" srcset=\"http:\/\/carnea.cz\/wp-content\/uploads\/2023\/05\/B-s-m\u00e1mou-1024x576.jpg 1024w, http:\/\/carnea.cz\/wp-content\/uploads\/2023\/05\/B-s-m\u00e1mou-300x169.jpg 300w, http:\/\/carnea.cz\/wp-content\/uploads\/2023\/05\/B-s-m\u00e1mou-768x432.jpg 768w, http:\/\/carnea.cz\/wp-content\/uploads\/2023\/05\/B-s-m\u00e1mou.jpg 1632w\" sizes=\"auto, (max-width: 1024px) 100vw, 1024px\" \/><figcaption>Mim\u010da B s m\u00e1mou<\/figcaption><\/figure><\/li><li class=\"blocks-gallery-item\"><figure><img loading=\"lazy\" decoding=\"async\" width=\"1024\" height=\"576\" src=\"https:\/\/carnea.cz\/wp-content\/uploads\/2023\/05\/C-s-m\u00e1mou-1024x576.jpg\" alt=\"\" data-id=\"7036\" data-link=\"https:\/\/carnea.cz\/?attachment_id=7036\" class=\"wp-image-7036\" srcset=\"http:\/\/carnea.cz\/wp-content\/uploads\/2023\/05\/C-s-m\u00e1mou-1024x576.jpg 1024w, http:\/\/carnea.cz\/wp-content\/uploads\/2023\/05\/C-s-m\u00e1mou-300x169.jpg 300w, http:\/\/carnea.cz\/wp-content\/uploads\/2023\/05\/C-s-m\u00e1mou-768x432.jpg 768w, http:\/\/carnea.cz\/wp-content\/uploads\/2023\/05\/C-s-m\u00e1mou.jpg 1632w\" sizes=\"auto, (max-width: 1024px) 100vw, 1024px\" \/><figcaption>Mim\u010da C s m\u00e1mou<\/figcaption><\/figure><\/li><\/ul>\n\n\n\n<p>A kdy\u017e p\u011bkn\u011b rychle posko\u010d\u00edm v \u010dase &#8211; o 3 m\u011bs\u00edce pozd\u011bji. Na sv\u011bt se p\u0159ed p\u00e1r dny prodralo 7 miminek z nich\u017e sv\u011bte zbo\u0159 se, jsou 3 moje kr\u00e1sn\u00e9 \u0161ed\u00e9 &#8222;holubi\u010dky&#8220;.  Vrhy se brzy do\u010dkaj\u00ed ka\u017ed\u00fd sv\u00e9ho popisu v rubrice, zaslou\u017e\u00ed si to a j\u00e1 se m\u016f\u017eu kochat. Kochat t\u011bmi sladk\u00fdmi miminky a taky pocitem, \u017ee letit\u00e9 k\u0159\u00ed\u017een\u00ed a prom\u00fd\u0161len\u00ed v\u0161ech mo\u017en\u00fdch pou\u017eiteln\u00fdch barev, zloben\u00ed se s n\u00e1kupy podest\u00fdlek,  se sh\u00e1n\u011bn\u00edm kvalitn\u00edho sena, s tah\u00e1n\u00edm beden se zeleninou, \u017ee hodiny str\u00e1ven\u00e9 kyd\u00e1n\u00edm box\u016f, st\u0159\u00edh\u00e1n\u00edm dr\u00e1pk\u016f, sek\u00e1n\u00edm tr\u00e1vy a rozmluvami se z\u00e1jemci p\u0159i vyb\u00edr\u00e1n\u00ed nov\u00fdch \u010dlen\u016f rodiny, \u017ee prost\u011b tohle v\u0161e snad nebylo zbyte\u010dn\u00e9&#8230;\u017de sen o \u0161ed\u00fdch holubi\u010dk\u00e1ch s pomeran\u010dovou kresbou se st\u00e1v\u00e1 realitou.<\/p>\n","protected":false},"excerpt":{"rendered":"<p>Po del\u0161\u00ed dob\u011b se u n\u00e1s narodily 3 vrhy miminek, kter\u00e9 jsou n\u011b\u010d\u00edm zvl\u00e1\u0161tn\u00ed a v\u00fdjime\u010dn\u00e9. P\u0159ed p\u00e1r lety se mi zrodil v hlav\u011b bl\u00e1hov\u00fd&#8230;<\/p>\n","protected":false},"author":1,"featured_media":0,"comment_status":"closed","ping_status":"closed","sticky":false,"template":"","format":"standard","meta":{"footnotes":""},"categories":[2],"tags":[],"class_list":["post-7027","post","type-post","status-publish","format-standard","hentry","category-novinky"],"_links":{"self":[{"href":"http:\/\/carnea.cz\/index.php?rest_route=\/wp\/v2\/posts\/7027","targetHints":{"allow":["GET"]}}],"collection":[{"href":"http:\/\/carnea.cz\/index.php?rest_route=\/wp\/v2\/posts"}],"about":[{"href":"http:\/\/carnea.cz\/index.php?rest_route=\/wp\/v2\/types\/post"}],"author":[{"embeddable":true,"href":"http:\/\/carnea.cz\/index.php?rest_route=\/wp\/v2\/users\/1"}],"replies":[{"embeddable":true,"href":"http:\/\/carnea.cz\/index.php?rest_route=%2Fwp%2Fv2%2Fcomments&post=7027"}],"version-history":[{"count":4,"href":"http:\/\/carnea.cz\/index.php?rest_route=\/wp\/v2\/posts\/7027\/revisions"}],"predecessor-version":[{"id":7038,"href":"http:\/\/carnea.cz\/index.php?rest_route=\/wp\/v2\/posts\/7027\/revisions\/7038"}],"wp:attachment":[{"href":"http:\/\/carnea.cz\/index.php?rest_route=%2Fwp%2Fv2%2Fmedia&parent=7027"}],"wp:term":[{"taxonomy":"category","embeddable":true,"href":"http:\/\/carnea.cz\/index.php?rest_route=%2Fwp%2Fv2%2Fcategories&post=7027"},{"taxonomy":"post_tag","embeddable":true,"href":"http:\/\/carnea.cz\/index.php?rest_route=%2Fwp%2Fv2%2Ftags&post=7027"}],"curies":[{"name":"wp","href":"https:\/\/api.w.org\/{rel}","templated":true}]}}