{"id":6242,"date":"2019-05-03T08:01:08","date_gmt":"2019-05-03T08:01:08","guid":{"rendered":"http:\/\/carnea.cz\/?p=6242"},"modified":"2019-05-04T21:46:15","modified_gmt":"2019-05-04T21:46:15","slug":"seznameni-s-novinkami","status":"publish","type":"post","link":"http:\/\/carnea.cz\/?p=6242","title":{"rendered":"Sezn\u00e1men\u00ed s novinkami"},"content":{"rendered":"\n<p>Proto\u017ee bych r\u00e1da jednou sama pro sebe dr\u017eela doma skupinku t\u0159\u00edslov\u00e9 kresby na \u010derven\u00fdch o\u010di\u010dk\u00e1ch, dovoluji si V\u00e1m te\u010f nab\u00eddnout prvn\u00edch p\u00e1r fotek toho, co tady u\u017e del\u0161\u00ed dobu chyst\u00e1m.<\/p>\n\n\n\n<p>Jedn\u00e1 se o b\u00e9\u017eov\u00e1 \u010di lila zv\u00ed\u0159ata, kter\u00e1 bych cht\u011bla m\u00edt v kresb\u011b nejsp\u00ed\u0161e lux. Ono je to celkem t\u011b\u017ek\u00e9, napsat absolutn\u011b jasnou a konkr\u00e9tn\u00ed p\u0159edstavu, kdy\u017e jsem j\u00ed na \u017eivo zat\u00edm nikde po\u0159\u00e1dn\u011b nevid\u011bla a dokud si j\u00ed neodchov\u00e1m, tak asi ani neuvid\u00edm :-). P\u0159ed n\u011bkolika lety m\u011b ale oslovila jist\u00e1 fotografie z webu, kde na m\u011b vykouklo to \u0161ed\u011b r\u016f\u017eov\u00e9 mor\u010d\u00e1tko se \u017elu\u0165ou\u010dk\u00fdmi obrubami o\u010dek, \u017elu\u0165ou\u010dk\u00fdm b\u0159\u00ed\u0161kem a jah\u016fdkov\u00fdma o\u010dkama&#8230;K fotografii jsem se pom\u011brn\u011b \u010dasto vracela a vracela a vracela, a\u017e jsem si \u0159ekla, \u017ee vlastn\u011b pro\u010d ne? <\/p>\n\n\n\n<p>Prvn\u011b takov\u00e9 kr\u00e1tk\u00e9  vysv\u011btlen\u00ed &#8211; t\u0159\u00edslov\u00e1 kresba m\u011b oslovila u\u017e d\u00e1vno, l\u00edb\u00ed se mi velmi i na ps\u00edc\u00edch, tak pro\u010d ji nem\u00edt doma hned v n\u011bkolika mor\u010dec\u00edch k\u00e1mo\u0161\u00edch :-), \u017ee? Drobn\u00fdm probl\u00e9mem hned od po\u010d\u00e1tku bylo, \u017ee t\u0159\u00edslov\u00e1 kresba se v \u010cR v plemeni US teddy, kter\u00e9 chov\u00e1m, v\u016fbec nevyskytovala. Resp. m\u00edvala j\u00ed chovatelsk\u00e1 stanice Od T\u00fdny, kter\u00e1 ov\u0161em ukon\u010dila svou \u010dinnost p\u0159edt\u00edm, ne\u017e m\u011b posedla ta nutkav\u00e1 my\u0161lenka, \u017ee t\u0159\u00edsl\u00e1\u010dky opravdu nutn\u011b, ale nutn\u011b pot\u0159ebuju :-). Zv\u00ed\u0159ata z t\u00e9to CHS se mi u\u017e nepoda\u0159ilo dohledat, jak to b\u00fdv\u00e1 zmizela do propadli\u0161t\u011b d\u011bjin spolu s ukon\u010den\u00edm chovn\u00e9ho sna\u017een\u00ed majitelky. Po nepoveden\u00e9m pokusu p\u0159ev\u00e9st tuto kresbu do US teddy z hladkosrst\u00fdch mor\u010dat (zv\u00ed\u0159ata mi laskav\u011b zap\u016fj\u010dila CHS Dv\u016fr Obora), kde se vyskytovala, se mi povedlo zakoupit mlad\u00e9ho samce importovan\u00e9ho ze Slovenska. Ten m\u011bl k m\u00e9mu velk\u00e9mu \u0161t\u011bst\u00ed genotyp natolik p\u0159\u00edzniv\u00fd, \u017ee se mi z n\u011bj v pr\u016fb\u011bhu poda\u0159ilo vyk\u0159\u00ed\u017eit pom\u011brn\u011b velkou skupinku tedd\u00edk\u016f v t\u0159\u00edslov\u00e9 kresb\u011b. Ale konec pov\u00edd\u00e1n\u00ed, p\u0159id\u00e1v\u00e1m p\u00e1r fotek :-).<\/p>\n\n\n\n<ul class=\"wp-block-gallery columns-1 is-cropped wp-block-gallery-1 is-layout-flex wp-block-gallery-is-layout-flex\"><li class=\"blocks-gallery-item\"><figure><img loading=\"lazy\" decoding=\"async\" width=\"640\" height=\"360\" src=\"http:\/\/carnea.cz\/wp-content\/uploads\/2019\/05\/Tulipa-s-Topinkou.jpg\" alt=\"\" data-id=\"6243\" data-link=\"http:\/\/carnea.cz\/?attachment_id=6243\" class=\"wp-image-6243\" srcset=\"http:\/\/carnea.cz\/wp-content\/uploads\/2019\/05\/Tulipa-s-Topinkou.jpg 640w, http:\/\/carnea.cz\/wp-content\/uploads\/2019\/05\/Tulipa-s-Topinkou-300x169.jpg 300w\" sizes=\"auto, (max-width: 640px) 100vw, 640px\" \/><\/figure><\/li><\/ul>\n\n\n\n<p>V\u0161\u00edmav\u011bj\u0161\u00ed u\u017e m\u011b prokoukli, ano, toto jsou hol\u010di\u010dky z velikono\u010dn\u00edho p\u0159\u00e1n\u00ed\u010dka. V\u011bt\u0161\u00ed je Tulipa Cavia Carnea, moje lo\u0148sk\u00e1 podzimn\u00ed odchovankyn\u011b v barv\u011b tan b\u00e9\u017eov\u00e1, kter\u00e9 jsem podstr\u010dila &#8211; samoz\u0159ejm\u011b jen na focen\u00ed \ud83d\ude42 &nbsp;v dubnu narozenou Topinku (ta je b\u00e9\u017eov\u00e1 s b\u00edlou no\u017ei\u010dkou). Topinka bohu\u017eel nem\u00e1 kresbu, jak bych si p\u0159\u00e1la, ale jako uk\u00e1zka barvy poslou\u017e\u00ed mysl\u00edm v\u00fdborn\u011b.&nbsp; Je\u0161t\u011b tady p\u0159id\u00e1m p\u00e1r fotek Tulipy a toho, jak vypad\u00e1 jej\u00ed kresba :<\/p>\n\n\n\n<ul class=\"wp-block-gallery columns-3 is-cropped wp-block-gallery-2 is-layout-flex wp-block-gallery-is-layout-flex\"><li class=\"blocks-gallery-item\"><figure><img loading=\"lazy\" decoding=\"async\" width=\"640\" height=\"360\" src=\"http:\/\/carnea.cz\/wp-content\/uploads\/2019\/05\/Tulipa-1.jpg\" alt=\"\" data-id=\"6244\" data-link=\"http:\/\/carnea.cz\/?attachment_id=6244\" class=\"wp-image-6244\" srcset=\"http:\/\/carnea.cz\/wp-content\/uploads\/2019\/05\/Tulipa-1.jpg 640w, http:\/\/carnea.cz\/wp-content\/uploads\/2019\/05\/Tulipa-1-300x169.jpg 300w\" sizes=\"auto, (max-width: 640px) 100vw, 640px\" \/><\/figure><\/li><li class=\"blocks-gallery-item\"><figure><img loading=\"lazy\" decoding=\"async\" width=\"640\" height=\"360\" src=\"http:\/\/carnea.cz\/wp-content\/uploads\/2019\/05\/Tulipa-2.jpg\" alt=\"\" data-id=\"6245\" data-link=\"http:\/\/carnea.cz\/?attachment_id=6245\" class=\"wp-image-6245\" srcset=\"http:\/\/carnea.cz\/wp-content\/uploads\/2019\/05\/Tulipa-2.jpg 640w, http:\/\/carnea.cz\/wp-content\/uploads\/2019\/05\/Tulipa-2-300x169.jpg 300w\" sizes=\"auto, (max-width: 640px) 100vw, 640px\" \/><\/figure><\/li><li class=\"blocks-gallery-item\"><figure><img loading=\"lazy\" decoding=\"async\" width=\"360\" height=\"640\" src=\"http:\/\/carnea.cz\/wp-content\/uploads\/2019\/05\/Tulipa-4.jpg\" alt=\"\" data-id=\"6247\" data-link=\"http:\/\/carnea.cz\/?attachment_id=6247\" class=\"wp-image-6247\" srcset=\"http:\/\/carnea.cz\/wp-content\/uploads\/2019\/05\/Tulipa-4.jpg 360w, http:\/\/carnea.cz\/wp-content\/uploads\/2019\/05\/Tulipa-4-169x300.jpg 169w\" sizes=\"auto, (max-width: 360px) 100vw, 360px\" \/><\/figure><\/li><\/ul>\n\n\n\n<p>Odborn\u00edci n\u00e1m prominou, Tulipka m\u00e1 kresbu pon\u011bkud u\u017e\u0161\u00ed ne\u017e bych si j\u00e1 (a standard) p\u0159\u00e1la, ale to postupn\u011b vychyt\u00e1me :-).<\/p>\n\n\n\n<ul class=\"wp-block-gallery columns-2 is-cropped wp-block-gallery-3 is-layout-flex wp-block-gallery-is-layout-flex\"><li class=\"blocks-gallery-item\"><figure><img loading=\"lazy\" decoding=\"async\" width=\"640\" height=\"360\" src=\"http:\/\/carnea.cz\/wp-content\/uploads\/2019\/05\/Tulipa-Cupcake-1.jpg\" alt=\"\" data-id=\"6248\" data-link=\"http:\/\/carnea.cz\/?attachment_id=6248\" class=\"wp-image-6248\" srcset=\"http:\/\/carnea.cz\/wp-content\/uploads\/2019\/05\/Tulipa-Cupcake-1.jpg 640w, http:\/\/carnea.cz\/wp-content\/uploads\/2019\/05\/Tulipa-Cupcake-1-300x169.jpg 300w\" sizes=\"auto, (max-width: 640px) 100vw, 640px\" \/><\/figure><\/li><li class=\"blocks-gallery-item\"><figure><img loading=\"lazy\" decoding=\"async\" width=\"640\" height=\"360\" src=\"http:\/\/carnea.cz\/wp-content\/uploads\/2019\/05\/Tulipa-Cupcake.jpg\" alt=\"\" data-id=\"6249\" data-link=\"http:\/\/carnea.cz\/?attachment_id=6249\" class=\"wp-image-6249\" srcset=\"http:\/\/carnea.cz\/wp-content\/uploads\/2019\/05\/Tulipa-Cupcake.jpg 640w, http:\/\/carnea.cz\/wp-content\/uploads\/2019\/05\/Tulipa-Cupcake-300x169.jpg 300w\" sizes=\"auto, (max-width: 640px) 100vw, 640px\" \/><\/figure><\/li><\/ul>\n\n\n\n<p>A tady si dovoluju je\u0161t\u011b jeden mal\u00fd podvrh :-). Aneb na sc\u00e9n\u011b je znovu Tulipa a k n\u00ed mal\u00fd roztomil\u00fd v dubnu narozen\u00fd Cupcake. Ten je tan lila, posun v barv\u011b je celkem mali\u010dk\u00fd, ale pro toho, kdo se sna\u017e\u00ed, je rozpoznateln\u00fd.<\/p>\n\n\n\n<ul class=\"wp-block-gallery columns-3 is-cropped wp-block-gallery-4 is-layout-flex wp-block-gallery-is-layout-flex\"><li class=\"blocks-gallery-item\"><figure><img loading=\"lazy\" decoding=\"async\" width=\"640\" height=\"360\" src=\"http:\/\/carnea.cz\/wp-content\/uploads\/2019\/05\/Cupcake-1.jpg\" alt=\"\" data-id=\"6251\" data-link=\"http:\/\/carnea.cz\/?attachment_id=6251\" class=\"wp-image-6251\" srcset=\"http:\/\/carnea.cz\/wp-content\/uploads\/2019\/05\/Cupcake-1.jpg 640w, http:\/\/carnea.cz\/wp-content\/uploads\/2019\/05\/Cupcake-1-300x169.jpg 300w\" sizes=\"auto, (max-width: 640px) 100vw, 640px\" \/><\/figure><\/li><li class=\"blocks-gallery-item\"><figure><img loading=\"lazy\" decoding=\"async\" width=\"640\" height=\"360\" src=\"http:\/\/carnea.cz\/wp-content\/uploads\/2019\/05\/Cupcake-2.jpg\" alt=\"\" data-id=\"6252\" data-link=\"http:\/\/carnea.cz\/?attachment_id=6252\" class=\"wp-image-6252\" srcset=\"http:\/\/carnea.cz\/wp-content\/uploads\/2019\/05\/Cupcake-2.jpg 640w, http:\/\/carnea.cz\/wp-content\/uploads\/2019\/05\/Cupcake-2-300x169.jpg 300w\" sizes=\"auto, (max-width: 640px) 100vw, 640px\" \/><\/figure><\/li><li class=\"blocks-gallery-item\"><figure><img loading=\"lazy\" decoding=\"async\" width=\"360\" height=\"640\" src=\"http:\/\/carnea.cz\/wp-content\/uploads\/2019\/05\/Cupcake-3.jpg\" alt=\"\" data-id=\"6253\" data-link=\"http:\/\/carnea.cz\/?attachment_id=6253\" class=\"wp-image-6253\" srcset=\"http:\/\/carnea.cz\/wp-content\/uploads\/2019\/05\/Cupcake-3.jpg 360w, http:\/\/carnea.cz\/wp-content\/uploads\/2019\/05\/Cupcake-3-169x300.jpg 169w\" sizes=\"auto, (max-width: 360px) 100vw, 360px\" \/><\/figure><\/li><\/ul>\n\n\n\n<p>A jako posledn\u00edho p\u0159id\u00e1v\u00e1m tak\u00e9 chlape\u010dka &#8211; Yanise. Yanis je ve zbarven\u00ed lila otter.<\/p>\n\n\n\n<ul class=\"wp-block-gallery columns-3 is-cropped wp-block-gallery-5 is-layout-flex wp-block-gallery-is-layout-flex\"><li class=\"blocks-gallery-item\"><figure><img loading=\"lazy\" decoding=\"async\" width=\"640\" height=\"360\" src=\"http:\/\/carnea.cz\/wp-content\/uploads\/2019\/05\/Y-1.jpg\" alt=\"\" data-id=\"6255\" data-link=\"http:\/\/carnea.cz\/?attachment_id=6255\" class=\"wp-image-6255\" srcset=\"http:\/\/carnea.cz\/wp-content\/uploads\/2019\/05\/Y-1.jpg 640w, http:\/\/carnea.cz\/wp-content\/uploads\/2019\/05\/Y-1-300x169.jpg 300w\" sizes=\"auto, (max-width: 640px) 100vw, 640px\" \/><\/figure><\/li><li class=\"blocks-gallery-item\"><figure><img loading=\"lazy\" decoding=\"async\" width=\"640\" height=\"360\" src=\"http:\/\/carnea.cz\/wp-content\/uploads\/2019\/05\/Y-2.jpg\" alt=\"\" data-id=\"6256\" data-link=\"http:\/\/carnea.cz\/?attachment_id=6256\" class=\"wp-image-6256\" srcset=\"http:\/\/carnea.cz\/wp-content\/uploads\/2019\/05\/Y-2.jpg 640w, http:\/\/carnea.cz\/wp-content\/uploads\/2019\/05\/Y-2-300x169.jpg 300w\" sizes=\"auto, (max-width: 640px) 100vw, 640px\" \/><\/figure><\/li><li class=\"blocks-gallery-item\"><figure><img loading=\"lazy\" decoding=\"async\" width=\"360\" height=\"640\" src=\"http:\/\/carnea.cz\/wp-content\/uploads\/2019\/05\/Y-3.jpg\" alt=\"\" data-id=\"6257\" data-link=\"http:\/\/carnea.cz\/?attachment_id=6257\" class=\"wp-image-6257\" srcset=\"http:\/\/carnea.cz\/wp-content\/uploads\/2019\/05\/Y-3.jpg 360w, http:\/\/carnea.cz\/wp-content\/uploads\/2019\/05\/Y-3-169x300.jpg 169w\" sizes=\"auto, (max-width: 360px) 100vw, 360px\" \/><\/figure><\/li><\/ul>\n\n\n\n<p>Yanis je n\u00e1\u0161 odchovanec z lo\u0148sk\u00e9ho z\u00e1\u0159\u00ed a aktu\u00e1ln\u011b se pod\u00edl\u00ed na kryt\u00ed na jarn\u00edch vrz\u00edch, tak n\u00e1m dr\u017ete palce, a\u0165 se povede vy\u0161t\u011bpit dal\u0161\u00ed pokra\u010dovatele t\u00e9to zaj\u00edmav\u00e9 a zcela ojedin\u011bl\u00e9 barvy.<\/p>\n\n\n\n<p><\/p>\n","protected":false},"excerpt":{"rendered":"<p>Proto\u017ee bych r\u00e1da jednou sama pro sebe dr\u017eela doma skupinku t\u0159\u00edslov\u00e9 kresby na \u010derven\u00fdch o\u010di\u010dk\u00e1ch, dovoluji si V\u00e1m te\u010f nab\u00eddnout prvn\u00edch p\u00e1r fotek toho, co&#8230;<\/p>\n","protected":false},"author":1,"featured_media":0,"comment_status":"closed","ping_status":"closed","sticky":false,"template":"","format":"standard","meta":{"footnotes":""},"categories":[2],"tags":[],"class_list":["post-6242","post","type-post","status-publish","format-standard","hentry","category-novinky"],"_links":{"self":[{"href":"http:\/\/carnea.cz\/index.php?rest_route=\/wp\/v2\/posts\/6242","targetHints":{"allow":["GET"]}}],"collection":[{"href":"http:\/\/carnea.cz\/index.php?rest_route=\/wp\/v2\/posts"}],"about":[{"href":"http:\/\/carnea.cz\/index.php?rest_route=\/wp\/v2\/types\/post"}],"author":[{"embeddable":true,"href":"http:\/\/carnea.cz\/index.php?rest_route=\/wp\/v2\/users\/1"}],"replies":[{"embeddable":true,"href":"http:\/\/carnea.cz\/index.php?rest_route=%2Fwp%2Fv2%2Fcomments&post=6242"}],"version-history":[{"count":5,"href":"http:\/\/carnea.cz\/index.php?rest_route=\/wp\/v2\/posts\/6242\/revisions"}],"predecessor-version":[{"id":6289,"href":"http:\/\/carnea.cz\/index.php?rest_route=\/wp\/v2\/posts\/6242\/revisions\/6289"}],"wp:attachment":[{"href":"http:\/\/carnea.cz\/index.php?rest_route=%2Fwp%2Fv2%2Fmedia&parent=6242"}],"wp:term":[{"taxonomy":"category","embeddable":true,"href":"http:\/\/carnea.cz\/index.php?rest_route=%2Fwp%2Fv2%2Fcategories&post=6242"},{"taxonomy":"post_tag","embeddable":true,"href":"http:\/\/carnea.cz\/index.php?rest_route=%2Fwp%2Fv2%2Ftags&post=6242"}],"curies":[{"name":"wp","href":"https:\/\/api.w.org\/{rel}","templated":true}]}}