{"id":2706,"date":"2016-05-16T09:10:28","date_gmt":"2016-05-16T09:10:28","guid":{"rendered":"http:\/\/carnea.cz\/?p=2706"},"modified":"2016-05-16T09:10:35","modified_gmt":"2016-05-16T09:10:35","slug":"vrh-r7","status":"publish","type":"post","link":"http:\/\/carnea.cz\/?p=2706","title":{"rendered":"Vrh R7"},"content":{"rendered":"<p>12.5. 2016 se narodil vrh R7. Maminkou vrhu je Mentha Cavia Carnea, tat\u00ednkem Rambo Garp. Mamina m\u00e1 n\u011bjak\u00e9 ty \u010dekatelsk\u00e9 karti\u010dky, otec je registrovan\u00fd, mim\u010da budou s PP. M\u00e1me n\u00e1dhern\u00e1 troj\u010data s geni\u00e1ln\u011b stejn\u00fdmi v\u00e1hami 104, 104, 104 g &#8211; jak tohle rodi\u010de dok\u00e1zali :-)? A dva kluky a hol\u010di\u010dku. Holka je \u010dern\u00e1, kluci aguti &#8211; jeden aguti zlat\u00fd, druh\u00fd aguti st\u0159\u00edbrn\u00fd. V\u0161ichni kr\u00e1sn\u011b prosp\u00edvaj\u00ed.<\/p>\n\n\t\t\t<div id='gallery-2706-1' class='gallery gallery-2706'>\n\t\t\t\t<div class='gallery-row gallery-col-3 gallery-clear'>\n\t\t\t\t\t<figure class='gallery-item col-3'>\n\t\t\t\t\t\t<div class='gallery-icon '><a href='http:\/\/carnea.cz\/?attachment_id=2707'><img loading=\"lazy\" decoding=\"async\" width=\"150\" height=\"150\" src=\"http:\/\/carnea.cz\/wp-content\/uploads\/2016\/05\/IMG_4256-150x150.jpg\" class=\"attachment-thumbnail size-thumbnail\" alt=\"\" \/><\/a><\/div>\n\t\t\t\t\t<\/figure>\n\t\t\t\t\t<figure class='gallery-item col-3'>\n\t\t\t\t\t\t<div class='gallery-icon '><a href='http:\/\/carnea.cz\/?attachment_id=2708'><img loading=\"lazy\" decoding=\"async\" width=\"150\" height=\"150\" src=\"http:\/\/carnea.cz\/wp-content\/uploads\/2016\/05\/IMG_4257-150x150.jpg\" class=\"attachment-thumbnail size-thumbnail\" alt=\"\" \/><\/a><\/div>\n\t\t\t\t\t<\/figure>\n\t\t\t\t\t<figure class='gallery-item col-3'>\n\t\t\t\t\t\t<div class='gallery-icon '><a href='http:\/\/carnea.cz\/?attachment_id=2709'><img loading=\"lazy\" decoding=\"async\" width=\"150\" height=\"150\" src=\"http:\/\/carnea.cz\/wp-content\/uploads\/2016\/05\/IMG_4261-150x150.jpg\" class=\"attachment-thumbnail size-thumbnail\" alt=\"\" \/><\/a><\/div>\n\t\t\t\t\t<\/figure>\n\t\t\t\t<\/div>\n\t\t\t\t<div class='gallery-row gallery-col-3 gallery-clear'>\n\t\t\t\t\t<figure class='gallery-item col-3'>\n\t\t\t\t\t\t<div class='gallery-icon '><a href='http:\/\/carnea.cz\/?attachment_id=2710'><img loading=\"lazy\" decoding=\"async\" width=\"150\" height=\"150\" src=\"http:\/\/carnea.cz\/wp-content\/uploads\/2016\/05\/IMG_4262-150x150.jpg\" class=\"attachment-thumbnail size-thumbnail\" alt=\"\" \/><\/a><\/div>\n\t\t\t\t\t<\/figure>\n\t\t\t\t\t<figure class='gallery-item col-3'>\n\t\t\t\t\t\t<div class='gallery-icon '><a href='http:\/\/carnea.cz\/?attachment_id=2711'><img loading=\"lazy\" decoding=\"async\" width=\"150\" height=\"150\" src=\"http:\/\/carnea.cz\/wp-content\/uploads\/2016\/05\/IMG_4264-150x150.jpg\" class=\"attachment-thumbnail size-thumbnail\" alt=\"\" \/><\/a><\/div>\n\t\t\t\t\t<\/figure>\n\t\t\t\t\t<figure class='gallery-item col-3'>\n\t\t\t\t\t\t<div class='gallery-icon '><a href='http:\/\/carnea.cz\/?attachment_id=2712'><img loading=\"lazy\" decoding=\"async\" width=\"150\" height=\"150\" src=\"http:\/\/carnea.cz\/wp-content\/uploads\/2016\/05\/IMG_4268-150x150.jpg\" class=\"attachment-thumbnail size-thumbnail\" alt=\"\" \/><\/a><\/div>\n\t\t\t\t\t<\/figure>\n\t\t\t\t<\/div>\n\t\t\t\t<div class='gallery-row gallery-col-3 gallery-clear'>\n\t\t\t\t\t<figure class='gallery-item col-3'>\n\t\t\t\t\t\t<div class='gallery-icon '><a href='http:\/\/carnea.cz\/?attachment_id=2713'><img loading=\"lazy\" decoding=\"async\" width=\"150\" height=\"150\" src=\"http:\/\/carnea.cz\/wp-content\/uploads\/2016\/05\/IMG_4269-150x150.jpg\" class=\"attachment-thumbnail size-thumbnail\" alt=\"\" \/><\/a><\/div>\n\t\t\t\t\t<\/figure>\n\t\t\t\t\t<figure class='gallery-item col-3'>\n\t\t\t\t\t\t<div class='gallery-icon '><a href='http:\/\/carnea.cz\/?attachment_id=2714'><img loading=\"lazy\" decoding=\"async\" width=\"150\" height=\"150\" src=\"http:\/\/carnea.cz\/wp-content\/uploads\/2016\/05\/IMG_4275-150x150.jpg\" class=\"attachment-thumbnail size-thumbnail\" alt=\"\" \/><\/a><\/div>\n\t\t\t\t\t<\/figure>\n\t\t\t\t\t<figure class='gallery-item col-3'>\n\t\t\t\t\t\t<div class='gallery-icon '><a href='http:\/\/carnea.cz\/?attachment_id=2715'><img loading=\"lazy\" decoding=\"async\" width=\"150\" height=\"150\" src=\"http:\/\/carnea.cz\/wp-content\/uploads\/2016\/05\/IMG_4283-150x150.jpg\" class=\"attachment-thumbnail size-thumbnail\" alt=\"\" \/><\/a><\/div>\n\t\t\t\t\t<\/figure>\n\t\t\t\t<\/div>\n\t\t\t<\/div><!-- .gallery -->\n\n<p>&nbsp;<\/p>\n<p>&nbsp;<\/p>\n","protected":false},"excerpt":{"rendered":"<p>12.5. 2016 se narodil vrh R7. Maminkou vrhu je Mentha Cavia Carnea, tat\u00ednkem Rambo Garp. Mamina m\u00e1 n\u011bjak\u00e9 ty \u010dekatelsk\u00e9 karti\u010dky, otec je registrovan\u00fd, mim\u010da&#8230;<\/p>\n","protected":false},"author":1,"featured_media":0,"comment_status":"open","ping_status":"open","sticky":false,"template":"","format":"standard","meta":{"footnotes":""},"categories":[23],"tags":[],"class_list":["post-2706","post","type-post","status-publish","format-standard","hentry","category-narozene-vrhy"],"_links":{"self":[{"href":"http:\/\/carnea.cz\/index.php?rest_route=\/wp\/v2\/posts\/2706","targetHints":{"allow":["GET"]}}],"collection":[{"href":"http:\/\/carnea.cz\/index.php?rest_route=\/wp\/v2\/posts"}],"about":[{"href":"http:\/\/carnea.cz\/index.php?rest_route=\/wp\/v2\/types\/post"}],"author":[{"embeddable":true,"href":"http:\/\/carnea.cz\/index.php?rest_route=\/wp\/v2\/users\/1"}],"replies":[{"embeddable":true,"href":"http:\/\/carnea.cz\/index.php?rest_route=%2Fwp%2Fv2%2Fcomments&post=2706"}],"version-history":[{"count":1,"href":"http:\/\/carnea.cz\/index.php?rest_route=\/wp\/v2\/posts\/2706\/revisions"}],"predecessor-version":[{"id":2716,"href":"http:\/\/carnea.cz\/index.php?rest_route=\/wp\/v2\/posts\/2706\/revisions\/2716"}],"wp:attachment":[{"href":"http:\/\/carnea.cz\/index.php?rest_route=%2Fwp%2Fv2%2Fmedia&parent=2706"}],"wp:term":[{"taxonomy":"category","embeddable":true,"href":"http:\/\/carnea.cz\/index.php?rest_route=%2Fwp%2Fv2%2Fcategories&post=2706"},{"taxonomy":"post_tag","embeddable":true,"href":"http:\/\/carnea.cz\/index.php?rest_route=%2Fwp%2Fv2%2Ftags&post=2706"}],"curies":[{"name":"wp","href":"https:\/\/api.w.org\/{rel}","templated":true}]}}