{"id":2639,"date":"2016-05-05T05:45:56","date_gmt":"2016-05-05T05:45:56","guid":{"rendered":"http:\/\/carnea.cz\/?p=2639"},"modified":"2016-05-05T05:45:56","modified_gmt":"2016-05-05T05:45:56","slug":"vrh-p7","status":"publish","type":"post","link":"http:\/\/carnea.cz\/?p=2639","title":{"rendered":"Vrh P7"},"content":{"rendered":"<p>Dne 2.5. 2016 se mamince Unica Cavia Carnea a tat\u00ednkovi Elf Z Mini Zoo U Garfilda narodil vrh P7. Ve vrhu jsou dv\u011b kr\u00e1sn\u00e1 velik\u00e1 miminka, \u010dokol\u00e1dov\u00fd klu\u010d\u00edk a \u010dern\u00e1 tan hol\u010di\u010dka. Vrh jsem na\u0161la ji\u017e rozbalen\u00fd a o\u010di\u0161t\u011bn\u00fd, drobci sed\u011bli p\u011bkn\u011b u maminky, co si p\u0159\u00e1t v\u00edce.\u00a0 Maminka je zku\u0161en\u00e1 a\u00a0 vzorn\u011b se o n\u011b star\u00e1 :-). Klu\u010d\u00edk je na prodej, sami\u010dku zat\u00edm nenab\u00edz\u00edm.<\/p>\n\n\t\t\t<div id='gallery-2639-1' class='gallery gallery-2639'>\n\t\t\t\t<div class='gallery-row gallery-col-3 gallery-clear'>\n\t\t\t\t\t<figure class='gallery-item col-3'>\n\t\t\t\t\t\t<div class='gallery-icon '><a href='http:\/\/carnea.cz\/?attachment_id=2647'><img loading=\"lazy\" decoding=\"async\" width=\"150\" height=\"150\" src=\"http:\/\/carnea.cz\/wp-content\/uploads\/2016\/05\/P-s-m\u00e1mou-2-150x150.jpg\" class=\"attachment-thumbnail size-thumbnail\" alt=\"\" \/><\/a><\/div>\n\t\t\t\t\t<\/figure>\n\t\t\t\t\t<figure class='gallery-item col-3'>\n\t\t\t\t\t\t<div class='gallery-icon '><a href='http:\/\/carnea.cz\/?attachment_id=2646'><img loading=\"lazy\" decoding=\"async\" width=\"150\" height=\"150\" src=\"http:\/\/carnea.cz\/wp-content\/uploads\/2016\/05\/P-s-m\u00e1mou-1-150x150.jpg\" class=\"attachment-thumbnail size-thumbnail\" alt=\"\" \/><\/a><\/div>\n\t\t\t\t\t<\/figure>\n\t\t\t\t\t<figure class='gallery-item col-3'>\n\t\t\t\t\t\t<div class='gallery-icon '><a href='http:\/\/carnea.cz\/?attachment_id=2643'><img loading=\"lazy\" decoding=\"async\" width=\"150\" height=\"150\" src=\"http:\/\/carnea.cz\/wp-content\/uploads\/2016\/05\/P-\u010dum\u00e1ky-150x150.jpg\" class=\"attachment-thumbnail size-thumbnail\" alt=\"\" \/><\/a><\/div>\n\t\t\t\t\t<\/figure>\n\t\t\t\t<\/div>\n\t\t\t\t<div class='gallery-row gallery-col-3 gallery-clear'>\n\t\t\t\t\t<figure class='gallery-item col-3'>\n\t\t\t\t\t\t<div class='gallery-icon '><a href='http:\/\/carnea.cz\/?attachment_id=2645'><img loading=\"lazy\" decoding=\"async\" width=\"150\" height=\"150\" src=\"http:\/\/carnea.cz\/wp-content\/uploads\/2016\/05\/P-prdky-150x150.jpg\" class=\"attachment-thumbnail size-thumbnail\" alt=\"\" \/><\/a><\/div>\n\t\t\t\t\t<\/figure>\n\t\t\t\t\t<figure class='gallery-item col-3'>\n\t\t\t\t\t\t<div class='gallery-icon '><a href='http:\/\/carnea.cz\/?attachment_id=2644'><img loading=\"lazy\" decoding=\"async\" width=\"150\" height=\"150\" src=\"http:\/\/carnea.cz\/wp-content\/uploads\/2016\/05\/P-letecky-150x150.jpg\" class=\"attachment-thumbnail size-thumbnail\" alt=\"\" \/><\/a><\/div>\n\t\t\t\t\t<\/figure>\n\t\t\t\t\t<figure class='gallery-item col-3'>\n\t\t\t\t\t\t<div class='gallery-icon '><a href='http:\/\/carnea.cz\/?attachment_id=2648'><img loading=\"lazy\" decoding=\"async\" width=\"150\" height=\"150\" src=\"http:\/\/carnea.cz\/wp-content\/uploads\/2016\/05\/Princezna-1-150x150.jpg\" class=\"attachment-thumbnail size-thumbnail\" alt=\"\" \/><\/a><\/div>\n\t\t\t\t\t<\/figure>\n\t\t\t\t<\/div>\n\t\t\t\t<div class='gallery-row gallery-col-3 gallery-clear'>\n\t\t\t\t\t<figure class='gallery-item col-3'>\n\t\t\t\t\t\t<div class='gallery-icon '><a href='http:\/\/carnea.cz\/?attachment_id=2649'><img loading=\"lazy\" decoding=\"async\" width=\"150\" height=\"150\" src=\"http:\/\/carnea.cz\/wp-content\/uploads\/2016\/05\/Princezna-2-150x150.jpg\" class=\"attachment-thumbnail size-thumbnail\" alt=\"\" \/><\/a><\/div>\n\t\t\t\t\t<\/figure>\n\t\t\t\t\t<figure class='gallery-item col-3'>\n\t\t\t\t\t\t<div class='gallery-icon '><a href='http:\/\/carnea.cz\/?attachment_id=2650'><img loading=\"lazy\" decoding=\"async\" width=\"150\" height=\"150\" src=\"http:\/\/carnea.cz\/wp-content\/uploads\/2016\/05\/P\u00fa-1-150x150.jpg\" class=\"attachment-thumbnail size-thumbnail\" alt=\"\" \/><\/a><\/div>\n\t\t\t\t\t<\/figure>\n\t\t\t<\/div>\n\t\t\t<\/div><!-- .gallery -->\n\n","protected":false},"excerpt":{"rendered":"<p>Dne 2.5. 2016 se mamince Unica Cavia Carnea a tat\u00ednkovi Elf Z Mini Zoo U Garfilda narodil vrh P7. Ve vrhu jsou dv\u011b kr\u00e1sn\u00e1 velik\u00e1&#8230;<\/p>\n","protected":false},"author":1,"featured_media":0,"comment_status":"open","ping_status":"open","sticky":false,"template":"","format":"standard","meta":{"footnotes":""},"categories":[23],"tags":[],"class_list":["post-2639","post","type-post","status-publish","format-standard","hentry","category-narozene-vrhy"],"_links":{"self":[{"href":"http:\/\/carnea.cz\/index.php?rest_route=\/wp\/v2\/posts\/2639","targetHints":{"allow":["GET"]}}],"collection":[{"href":"http:\/\/carnea.cz\/index.php?rest_route=\/wp\/v2\/posts"}],"about":[{"href":"http:\/\/carnea.cz\/index.php?rest_route=\/wp\/v2\/types\/post"}],"author":[{"embeddable":true,"href":"http:\/\/carnea.cz\/index.php?rest_route=\/wp\/v2\/users\/1"}],"replies":[{"embeddable":true,"href":"http:\/\/carnea.cz\/index.php?rest_route=%2Fwp%2Fv2%2Fcomments&post=2639"}],"version-history":[{"count":3,"href":"http:\/\/carnea.cz\/index.php?rest_route=\/wp\/v2\/posts\/2639\/revisions"}],"predecessor-version":[{"id":2693,"href":"http:\/\/carnea.cz\/index.php?rest_route=\/wp\/v2\/posts\/2639\/revisions\/2693"}],"wp:attachment":[{"href":"http:\/\/carnea.cz\/index.php?rest_route=%2Fwp%2Fv2%2Fmedia&parent=2639"}],"wp:term":[{"taxonomy":"category","embeddable":true,"href":"http:\/\/carnea.cz\/index.php?rest_route=%2Fwp%2Fv2%2Fcategories&post=2639"},{"taxonomy":"post_tag","embeddable":true,"href":"http:\/\/carnea.cz\/index.php?rest_route=%2Fwp%2Fv2%2Ftags&post=2639"}],"curies":[{"name":"wp","href":"https:\/\/api.w.org\/{rel}","templated":true}]}}