{"id":2625,"date":"2016-05-02T06:12:04","date_gmt":"2016-05-02T06:12:04","guid":{"rendered":"http:\/\/carnea.cz\/?p=2625"},"modified":"2016-05-02T06:23:24","modified_gmt":"2016-05-02T06:23:24","slug":"a-je-tu-kveten","status":"publish","type":"post","link":"http:\/\/carnea.cz\/?p=2625","title":{"rendered":"A je tu kv\u011bten!"},"content":{"rendered":"<p>A proto\u017ee nem\u00e1m zrovna moc co chytr\u00e9ho napsat, tak dneska si d\u00e1me hlavn\u011b p\u00e1r obr\u00e1zk\u016f :-). Ono taky co bychom cht\u011bli po\u0159\u00e1d chytr\u00e9ho, \u017ee. Krm\u00edm a krm\u00edm, kyd\u00e1m a kyd\u00e1m a st\u0159\u00edh\u00e1m dr\u00e1pky a kontroluji v\u00e1hy a kdy\u017e to jde, pou\u0161t\u00edm chlupatice do v\u00fdb\u011bh\u016f. V\u0161em mor\u010d\u00edk\u016fm se da\u0159\u00ed dob\u0159e, v\u010detn\u011b na\u0161ich obstaro\u017en\u00edch babek, tak tu m\u00e1me takovou provozn\u00ed rutinu :-). Pup\u00edky n\u00e1m p\u0159ib\u00fdvaj\u00ed, jak holky v lednu st\u00e1vkovaly, tak u\u017e si to rozmyslely a b\u0159\u00ed\u0161ka zcela jist\u011b nos\u00ed Hany, Unica, Mentha, Kopretina a Ka\u010denka. A pokud se nepletu, tak to sam\u00e9 brzy uvid\u00edm i u Josefky, Xary, Thuji a jej\u00ed sest\u0159i\u010dky Thlaspi a u\u00a0Chamomilky, tak\u017ee n\u00e1s a\u017e do pr\u00e1zdnin \u010dek\u00e1 celkem vzr\u016f\u0161o :-).<\/p>\n<p>Zat\u00edmco Honey u\u017e sv\u016fj vrh porodila a j\u00e1 se tady rozpl\u00fdv\u00e1m :-), tak na Hany jej\u00ed velk\u00e1 chvilka teprve \u010dek\u00e1.<\/p>\n<p><img loading=\"lazy\" decoding=\"async\" class=\"aligncenter size-medium wp-image-2627\" src=\"http:\/\/carnea.cz\/wp-content\/uploads\/2016\/05\/pohoda-2-300x225.jpg\" alt=\"pohoda 2\" width=\"300\" height=\"225\" srcset=\"http:\/\/carnea.cz\/wp-content\/uploads\/2016\/05\/pohoda-2-300x225.jpg 300w, http:\/\/carnea.cz\/wp-content\/uploads\/2016\/05\/pohoda-2.jpg 640w\" sizes=\"auto, (max-width: 300px) 100vw, 300px\" \/><img loading=\"lazy\" decoding=\"async\" class=\"aligncenter size-medium wp-image-2628\" src=\"http:\/\/carnea.cz\/wp-content\/uploads\/2016\/05\/pohoda-1-300x225.jpg\" alt=\"pohoda 1\" width=\"300\" height=\"225\" srcset=\"http:\/\/carnea.cz\/wp-content\/uploads\/2016\/05\/pohoda-1-300x225.jpg 300w, http:\/\/carnea.cz\/wp-content\/uploads\/2016\/05\/pohoda-1.jpg 640w\" sizes=\"auto, (max-width: 300px) 100vw, 300px\" \/><img loading=\"lazy\" decoding=\"async\" class=\"aligncenter size-medium wp-image-2626\" src=\"http:\/\/carnea.cz\/wp-content\/uploads\/2016\/05\/Pupek-Hany-300x225.jpg\" alt=\"Pupek Hany\" width=\"300\" height=\"225\" srcset=\"http:\/\/carnea.cz\/wp-content\/uploads\/2016\/05\/Pupek-Hany-300x225.jpg 300w, http:\/\/carnea.cz\/wp-content\/uploads\/2016\/05\/Pupek-Hany.jpg 640w\" sizes=\"auto, (max-width: 300px) 100vw, 300px\" \/><\/p>\n<p>A taky n\u00e1m kone\u010dn\u011b po\u010das\u00ed dovolilo, tak\u017ee\u00a0hur\u00e1 se prob\u011bhnout :-).<\/p>\n<p><img loading=\"lazy\" decoding=\"async\" class=\"aligncenter size-medium wp-image-2629\" src=\"http:\/\/carnea.cz\/wp-content\/uploads\/2016\/05\/pasen\u00ed-1-300x225.jpg\" alt=\"pasen\u00ed 1\" width=\"300\" height=\"225\" srcset=\"http:\/\/carnea.cz\/wp-content\/uploads\/2016\/05\/pasen\u00ed-1-300x225.jpg 300w, http:\/\/carnea.cz\/wp-content\/uploads\/2016\/05\/pasen\u00ed-1.jpg 640w\" sizes=\"auto, (max-width: 300px) 100vw, 300px\" \/><img loading=\"lazy\" decoding=\"async\" class=\"aligncenter size-medium wp-image-2630\" src=\"http:\/\/carnea.cz\/wp-content\/uploads\/2016\/05\/pasen\u00ed-2-300x225.jpg\" alt=\"pasen\u00ed 2\" width=\"300\" height=\"225\" srcset=\"http:\/\/carnea.cz\/wp-content\/uploads\/2016\/05\/pasen\u00ed-2-300x225.jpg 300w, http:\/\/carnea.cz\/wp-content\/uploads\/2016\/05\/pasen\u00ed-2.jpg 640w\" sizes=\"auto, (max-width: 300px) 100vw, 300px\" \/> <img loading=\"lazy\" decoding=\"async\" class=\"aligncenter size-medium wp-image-2631\" src=\"http:\/\/carnea.cz\/wp-content\/uploads\/2016\/05\/pasen\u00ed-3-300x225.jpg\" alt=\"pasen\u00ed 3\" width=\"300\" height=\"225\" srcset=\"http:\/\/carnea.cz\/wp-content\/uploads\/2016\/05\/pasen\u00ed-3-300x225.jpg 300w, http:\/\/carnea.cz\/wp-content\/uploads\/2016\/05\/pasen\u00ed-3.jpg 640w\" sizes=\"auto, (max-width: 300px) 100vw, 300px\" \/>Star\u0161\u00ed zku\u0161en\u00e9 samice si pobyt venku u\u017e\u00edvaj\u00ed a hned po polo\u017een\u00ed na tr\u00e1vu se z nich stanou \u017eiv\u00e9 seka\u010dky :-). Ale ani 14 dn\u00ed star\u00e1 eNka a t\u00fdden star\u00e1 \u00d3\u010dka se venku neztratila a za dozoru mamin vyzkou\u0161ela, jak\u00e9 to je, kdy\u017e si z tr\u00e1vy mohou sama vybrat p\u0159esn\u011b to, co cht\u011bj\u00ed. A ne to, co jim nasek\u00e1m a p\u0159inesu.<\/p>\n<p>&nbsp;<\/p>\n<p>&nbsp;<\/p>\n<p>&nbsp;<\/p>\n<p>&nbsp;<\/p>\n<p>&nbsp;<\/p>\n<p>&nbsp;<\/p>\n<p>&nbsp;<\/p>\n<p>&nbsp;<\/p>\n","protected":false},"excerpt":{"rendered":"<p>A proto\u017ee nem\u00e1m zrovna moc co chytr\u00e9ho napsat, tak dneska si d\u00e1me hlavn\u011b p\u00e1r obr\u00e1zk\u016f :-). Ono taky co bychom cht\u011bli po\u0159\u00e1d chytr\u00e9ho, \u017ee. Krm\u00edm&#8230;<\/p>\n","protected":false},"author":1,"featured_media":0,"comment_status":"open","ping_status":"open","sticky":false,"template":"","format":"standard","meta":{"footnotes":""},"categories":[2],"tags":[],"class_list":["post-2625","post","type-post","status-publish","format-standard","hentry","category-novinky"],"_links":{"self":[{"href":"http:\/\/carnea.cz\/index.php?rest_route=\/wp\/v2\/posts\/2625","targetHints":{"allow":["GET"]}}],"collection":[{"href":"http:\/\/carnea.cz\/index.php?rest_route=\/wp\/v2\/posts"}],"about":[{"href":"http:\/\/carnea.cz\/index.php?rest_route=\/wp\/v2\/types\/post"}],"author":[{"embeddable":true,"href":"http:\/\/carnea.cz\/index.php?rest_route=\/wp\/v2\/users\/1"}],"replies":[{"embeddable":true,"href":"http:\/\/carnea.cz\/index.php?rest_route=%2Fwp%2Fv2%2Fcomments&post=2625"}],"version-history":[{"count":3,"href":"http:\/\/carnea.cz\/index.php?rest_route=\/wp\/v2\/posts\/2625\/revisions"}],"predecessor-version":[{"id":2637,"href":"http:\/\/carnea.cz\/index.php?rest_route=\/wp\/v2\/posts\/2625\/revisions\/2637"}],"wp:attachment":[{"href":"http:\/\/carnea.cz\/index.php?rest_route=%2Fwp%2Fv2%2Fmedia&parent=2625"}],"wp:term":[{"taxonomy":"category","embeddable":true,"href":"http:\/\/carnea.cz\/index.php?rest_route=%2Fwp%2Fv2%2Fcategories&post=2625"},{"taxonomy":"post_tag","embeddable":true,"href":"http:\/\/carnea.cz\/index.php?rest_route=%2Fwp%2Fv2%2Ftags&post=2625"}],"curies":[{"name":"wp","href":"https:\/\/api.w.org\/{rel}","templated":true}]}}